{"id":524,"date":"2024-12-11T21:33:07","date_gmt":"2024-12-12T03:33:07","guid":{"rendered":"https:\/\/diarionoticias.pe\/ecosistemas\/?p=524"},"modified":"2024-12-11T21:33:07","modified_gmt":"2024-12-12T03:33:07","slug":"arte-para-concientizar-cambio-climatico-y-ecosistemas","status":"publish","type":"post","link":"https:\/\/diarionoticias.pe\/ecosistemas\/arte-para-concientizar-cambio-climatico-y-ecosistemas\/","title":{"rendered":"Arte para Concientizar sobre Cambio Clim\u00e1tico y Ecosistemas"},"content":{"rendered":"<p>El <strong>arte para concientizar<\/strong> sobre <strong>cambio clim\u00e1tico y ecosistemas<\/strong> se ha convertido en un veh\u00edculo fundamental para comunicar urgentes y bellas verdades sobre nuestra relaci\u00f3n con la naturaleza. En un mundo donde la informaci\u00f3n puede resultar abrumadora, los artistas est\u00e1n aprovechando su creatividad para ofrecer una nueva perspectiva que cautiva, educa e inspira. Al emplear im\u00e1genes impactantes y narrativas accesibles, el arte no solo capta la atenci\u00f3n del p\u00fablico, sino que tambi\u00e9n provoca emociones y cuenta historias poderosas que destacan tanto la belleza como la fragilidad de nuestros ecosistemas. Este art\u00edculo explora c\u00f3mo el arte puede incentivar la acci\u00f3n y el cambio en la forma en que interactuamos con nuestro planeta.<\/p>\n<h2>El Poder Transformador del Arte<\/h2>\n<p>El arte posee un poder \u00fanico para transformar la forma en que percibimos el mundo. A trav\u00e9s de diversas disciplinas, desde la pintura y la escultura hasta la fotograf\u00eda y el cine, los artistas cuentan historias que resuenan en nuestro interior. Al abordar temas del <strong>cambio clim\u00e1tico y ecosistemas<\/strong>, el arte puede ofrecer una mirada profunda sobre el impacto de nuestras acciones, mientras resalta la necesidad urgente de preservarlos. Adem\u00e1s, este tipo de arte puede trascender barreras culturales y ling\u00fc\u00edsticas, llegando a un p\u00fablico m\u00e1s amplio y facilitando el di\u00e1logo sobre temas ambientales.<\/p>\n<h3>El Arte como Catalizador de Conciencia<\/h3>\n<p>Cuando el arte se utiliza para <strong>concientizar<\/strong> sobre el <strong>cambio clim\u00e1tico y ecosistemas<\/strong>, se convierte en un catalizador que ofrece nuevos marcos de referencia y perspectivas. Obras que evocan paisajes en peligro, especies en extinci\u00f3n o el deshielo de los glaciares nos mueven a reflexionar sobre nuestra propia relaci\u00f3n con la naturaleza. Esto nos conduce hacia un cambio interno que puede resonar a nivel social, actuando como un poderoso recordatorio de nuestra responsabilidad hacia el planeta.<\/p>\n<h2>La Relaci\u00f3n entre Arte y Naturaleza<\/h2>\n<p>Desde tiempos inmemoriales, el arte ha estado intr\u00ednsecamente ligado a la naturaleza. Los paisajistas del pasado sol\u00edan buscar inspiraci\u00f3n en la grandiosidad de monta\u00f1as, r\u00edos y bosques. Hoy en d\u00eda, esta relaci\u00f3n se ha tornado m\u00e1s cr\u00edtica, ya que las amenazas del <strong>cambio clim\u00e1tico<\/strong> hacen que la naturaleza sea m\u00e1s vulnerable. Los artistas contempor\u00e1neos no solo reflejan esto, sino que tambi\u00e9n abogan por su conservaci\u00f3n a trav\u00e9s de sus obras, creando un medio para honrar y proteger lo que a\u00fan nos queda.<\/p>\n<h3>Representaciones del Cambio Clim\u00e1tico<\/h3>\n<p>A trav\u00e9s de representaciones art\u00edsticas, los artistas pueden traer a la vida los efectos del <strong>cambio clim\u00e1tico<\/strong>. Desde el uso de materiales reciclados hasta la representaci\u00f3n de paisajes desolados, cada pieza se convierte en un llamado a la acci\u00f3n. A trav\u00e9s de sus obras, estos artistas nos ofrecen una oportunidad de observar y reconocer la realidad que nos rodea, a menudo pasamos por alto en nuestra vida cotidiana.<\/p>\n<h2>Historias Visuales: C\u00f3mo el Arte Captura la Fragilidad de los Ecosistemas<\/h2>\n<p>Las historias visuales juegan un papel esencial en la forma en que entendemos y nos relacionamos con el mundo. En el contexto de los <strong>ecosistemas<\/strong>, el arte puede ilustrar las interconexiones dentro de la naturaleza, mostrando c\u00f3mo cada organismo juega un papel crucial en el equilibrio ecol\u00f3gico. A trav\u00e9s de estas narrativas visuales, el arte no solo documenta la belleza natural, sino que tambi\u00e9n evidencia los peligros que enfrentamos debido a la intervenci\u00f3n humana.<\/p>\n<h3>Cinematograf\u00eda y Documentales<\/h3>\n<p>Un poderoso ejemplo de arte que aborda estos temas son los documentales. Pel\u00edculas como \u201cChasing Ice\u201d y \u201cOur Planet\u201d capturan im\u00e1genes desgarradoras sobre el <strong>cambio clim\u00e1tico<\/strong> y la crisis ambiental. Estas obras complementan las experiencias sensoriales con datos impactantes, facilitando una comprensi\u00f3n m\u00e1s clara de los temas que enfrentamos.<\/p>\n<h2>Artistas Destacados: Voces que Abogan por el Planeta<\/h2>\n<p>Numerosos artistas han levantado su voz a trav\u00e9s de su trabajo, utilizando su plataforma para abogar por la protecci\u00f3n del medio ambiente. Algunos de ellos han hecho del <strong>arte para concientizar<\/strong> sobre <strong>cambio clim\u00e1tico y ecosistemas<\/strong> su misi\u00f3n principal.<\/p>\n<ul>\n<li><strong>Andy Goldsworthy:<\/strong>  Su trabajo con materiales naturales destaca la temporalidad de la naturaleza y el impacto del tiempo en nuestros ecosistemas.<\/li>\n<li><strong>Olafur Eliasson:<\/strong> Eliasson crea instalaciones que provocan a la audiencia a reflexionar sobre el <strong>cambio clim\u00e1tico<\/strong> y nuestra propia relaci\u00f3n con el medio ambiente.<\/li>\n<li><strong>Agnes Meyer-Brandis:<\/strong> Esta artista y exploradora ha fusionado arte y ciencia, haciendo hincapi\u00e9 en la importancia de las narrativas ambientales.<\/li>\n<\/ul>\n<h2>El Arte como Herramienta de Educaci\u00f3n Ambiental<\/h2>\n<p>La educaci\u00f3n ambiental a menudo se basa en la teor\u00eda y los datos, pero el arte ofrece una forma m\u00e1s accesible de involucrar a las personas. Puede facilitar una conexi\u00f3n emocional con el tema, lo que es vital para fomentar una comprensi\u00f3n m\u00e1s profunda de los problemas que enfrentamos.<\/p>\n<h3>Talleres y Actividades Creativas<\/h3>\n<p>Los programas de arte en escuelas y comunidades pueden servir como plataformas para discutir el <strong>cambio clim\u00e1tico<\/strong> a trav\u00e9s de la creatividad. Talleres que involucran pintura, escultura e instalaciones pueden inspirar a los participantes a explorar sus sentimientos hacia la naturaleza y fomentar una mentalidad proactiva en la conservaci\u00f3n del medio ambiente.<\/p>\n<h2>Proyectos Art\u00edsticos que Inspiran Acci\u00f3n Clim\u00e1tica<\/h2>\n<p>Diversos proyectos art\u00edsticos han surgido mundialmente con el prop\u00f3sito de abordar el <strong>cambio clim\u00e1tico<\/strong> y los <strong>ecosistemas<\/strong> en peligro. Algunos de estos proyectos han generado un gran impacto y han movilizado a comunidades enteras.<\/p>\n<ul>\n<li><strong>The Ocean Cleanup:<\/strong> Utiliza varias formas de arte para generar conciencia sobre la contaminaci\u00f3n pl\u00e1stica en los oc\u00e9anos.<\/li>\n<li><strong>Earth Day Art:<\/strong> Iniciativas que invitan a artistas a crear obras que representen la tierra en su forma m\u00e1s pura durante el D\u00eda de la Tierra.<\/li>\n<li><strong>Horizon 2020:<\/strong> Unan serie de eventos art\u00edsticos vinculados a la ciencia para crear conciencia sobre el <strong>cambio clim\u00e1tico<\/strong>.<\/li>\n<\/ul>\n<h2>Eventos y Exposiciones sobre Cambio Clim\u00e1tico<\/h2>\n<p>A lo largo del a\u00f1o, numerosos eventos y exposiciones se dedican a la tem\u00e1tica del <strong>cambio clim\u00e1tico<\/strong> y <strong>ecosistemas<\/strong>. Estas iniciativas se han vuelto esenciales para visibilizar la urgencia de la situaci\u00f3n.<\/p>\n<h3>Art Basel y COP<\/h3>\n<p>Eventos como Art Basel han incluido una secci\u00f3n dedicada al arte ambiental, mostrando obras que abordan estos desaf\u00edos. Del mismo modo, la Conferencia de las Partes (COP) tambi\u00e9n se ha asociado con artistas para destacar la importancia del arte en la lucha contra el <strong>cambio clim\u00e1tico<\/strong>.<\/p>\n<h2>El Impacto Emocional del Arte en la Conciencia Colectiva<\/h2>\n<p>El arte tiene el poder de conectar emocionalmente a las personas con su entorno. Cuando una obra de arte toca nuestras emociones, se crea un sentido de aprecio que puede motivar cambios de comportamiento. Las exposiciones que muestran la belleza de la naturaleza, junto con las duras realidades del <strong>cambio clim\u00e1tico<\/strong>, pueden mover a la acci\u00f3n.<\/p>\n<h3>El Arte como Motor de Cambio<\/h3>\n<p>A trav\u00e9s de la creaci\u00f3n art\u00edstica, se pueden movilizar acciones colectivas y cambios sociales. Campa\u00f1as de concienciaci\u00f3n como &#8220;Fridays for Future&#8221; han incorporado carteles y pancartas art\u00edsticas que no solo transmiten mensajes, sino que tambi\u00e9n representan la voz de una generaci\u00f3n preocupada por el futuro del planeta.<\/p>\n<h2>Colaboraciones entre Cient\u00edficos y Artistas<\/h2>\n<p>Las colaboraciones entre cient\u00edficos y artistas han dado como resultado proyectos innovadores que informan y atraen la atenci\u00f3n hacia los problemas del <strong>cambio clim\u00e1tico<\/strong>. Estas colaboraciones fomentan una comprensi\u00f3n m\u00e1s completa del tema, uniendo datos cient\u00edficos con expresiones creativas.<\/p>\n<h3>Ejemplos de Innovaci\u00f3n Art\u00edstica<\/h3>\n<p>Iniciativas como &#8220;The Climate Symphony&#8221; combinan m\u00fasica y ciencia para crear una experiencia inmersiva que representa la belleza y los desaf\u00edos de nuestro planeta. Este tipo de proyectos no solo educan, sino que tambi\u00e9n promueven una conexi\u00f3n m\u00e1s profunda entre el arte y la ciencia.<\/p>\n<p>En este contexto, es fundamental que los artistas contin\u00faen explorando y compartiendo sus puntos de vista sobre el <strong>cambio clim\u00e1tico y ecosistemas<\/strong> en sus obras. La fusi\u00f3n entre la ciencia y el arte es un camino potente para involucrar a las audiencias en la conversaci\u00f3n sobre la conservaci\u00f3n.<\/p>\n<p>En conclusi\u00f3n, el <strong>arte para concientizar<\/strong> sobre <strong>cambio clim\u00e1tico y ecosistemas<\/strong> es m\u00e1s que un simple movimiento creativo; es un poderoso medio para generar conciencia cr\u00edtica y estimular cambios de comportamiento hacia la protecci\u00f3n de nuestro planeta. Es esencial que continuemos apoyando a los artistas en su misi\u00f3n de educar y movilizar a la sociedad en la lucha por un futuro sostenible. Participar en exposiciones, talleres y proyectos relacionados con el arte y el medio ambiente son formas sencillas y efectivas de involucrarnos y hacer nuestra parte por el planeta.<\/p>\n","protected":false},"excerpt":{"rendered":"<p>El arte para concientizar sobre cambio clim\u00e1tico y ecosistemas se ha convertido en un veh\u00edculo fundamental para comunicar urgentes y bellas verdades sobre nuestra relaci\u00f3n con la naturaleza. En un mundo donde la informaci\u00f3n puede resultar abrumadora, los artistas est\u00e1n aprovechando su creatividad para ofrecer una nueva perspectiva que cautiva, educa e inspira. Al emplear&#8230;<\/p>\n","protected":false},"author":1,"featured_media":525,"comment_status":"open","ping_status":"open","sticky":false,"template":"","format":"standard","meta":{"_kad_post_transparent":"","_kad_post_title":"","_kad_post_layout":"","_kad_post_sidebar_id":"","_kad_post_content_style":"","_kad_post_vertical_padding":"","_kad_post_feature":"","_kad_post_feature_position":"","_kad_post_header":false,"_kad_post_footer":false,"footnotes":""},"categories":[12],"tags":[],"class_list":["post-524","post","type-post","status-publish","format-standard","has-post-thumbnail","hentry","category-medioambiente"],"yoast_head":"<!-- This site is optimized with the Yoast SEO Premium plugin v21.7 (Yoast SEO v26.8) - https:\/\/yoast.com\/product\/yoast-seo-premium-wordpress\/ -->\n<title>Arte para Concientizar sobre Cambio Clim\u00e1tico y Ecosistemas<\/title>\n<meta name=\"description\" content=\"El arte despierta la conciencia sobre el cambio clim\u00e1tico. Insp\u00edrate y act\u00faa por un futuro sostenible. \u00a1Haz la diferencia!\" \/>\n<meta name=\"robots\" content=\"index, follow, max-snippet:-1, max-image-preview:large, max-video-preview:-1\" \/>\n<link rel=\"canonical\" href=\"https:\/\/diarionoticias.pe\/ecosistemas\/arte-para-concientizar-cambio-climatico-y-ecosistemas\/\" \/>\n<meta property=\"og:locale\" content=\"es_MX\" \/>\n<meta property=\"og:type\" content=\"article\" \/>\n<meta property=\"og:title\" content=\"Arte para concientizar: cambio clim\u00e1tico y ecosistemas\" \/>\n<meta property=\"og:description\" content=\"El arte despierta la conciencia sobre el cambio clim\u00e1tico. Insp\u00edrate y act\u00faa por un futuro sostenible. \u00a1Haz la diferencia!\" \/>\n<meta property=\"og:url\" content=\"https:\/\/diarionoticias.pe\/ecosistemas\/arte-para-concientizar-cambio-climatico-y-ecosistemas\/\" \/>\n<meta property=\"og:site_name\" content=\"Ecosistemas\" \/>\n<meta property=\"article:published_time\" content=\"2024-12-12T03:33:07+00:00\" \/>\n<meta property=\"og:image\" content=\"https:\/\/diarionoticias.pe\/ecosistemas\/wp-content\/uploads\/2024\/12\/Arte-para-concientizar-cambio-climatico-y-ecosistemas.webp\" \/>\n\t<meta property=\"og:image:width\" content=\"474\" \/>\n\t<meta property=\"og:image:height\" content=\"332\" \/>\n\t<meta property=\"og:image:type\" content=\"image\/jpeg\" \/>\n<meta name=\"author\" content=\"Ecolog\u00eda\" \/>\n<meta name=\"twitter:card\" content=\"summary_large_image\" \/>\n<meta name=\"twitter:title\" content=\"Arte para concientizar: cambio clim\u00e1tico y ecosistemas\" \/>\n<meta name=\"twitter:label1\" content=\"Escrito por\" \/>\n\t<meta name=\"twitter:data1\" content=\"Ecolog\u00eda\" \/>\n\t<meta name=\"twitter:label2\" content=\"Tiempo de lectura\" \/>\n\t<meta name=\"twitter:data2\" content=\"7 minutos\" \/>\n<script type=\"application\/ld+json\" class=\"yoast-schema-graph\">{\"@context\":\"https:\/\/schema.org\",\"@graph\":[{\"@type\":\"Article\",\"@id\":\"https:\/\/diarionoticias.pe\/ecosistemas\/arte-para-concientizar-cambio-climatico-y-ecosistemas\/#article\",\"isPartOf\":{\"@id\":\"https:\/\/diarionoticias.pe\/ecosistemas\/arte-para-concientizar-cambio-climatico-y-ecosistemas\/\"},\"author\":{\"name\":\"Ecolog\u00eda\",\"@id\":\"https:\/\/diarionoticias.pe\/ecosistemas\/#\/schema\/person\/2d391882189b4e2a06523bc4e0578c28\"},\"headline\":\"Arte para Concientizar sobre Cambio Clim\u00e1tico y Ecosistemas\",\"datePublished\":\"2024-12-12T03:33:07+00:00\",\"mainEntityOfPage\":{\"@id\":\"https:\/\/diarionoticias.pe\/ecosistemas\/arte-para-concientizar-cambio-climatico-y-ecosistemas\/\"},\"wordCount\":1491,\"commentCount\":0,\"image\":{\"@id\":\"https:\/\/diarionoticias.pe\/ecosistemas\/arte-para-concientizar-cambio-climatico-y-ecosistemas\/#primaryimage\"},\"thumbnailUrl\":\"https:\/\/diarionoticias.pe\/ecosistemas\/wp-content\/uploads\/2024\/12\/Arte-para-concientizar-cambio-climatico-y-ecosistemas.webp\",\"articleSection\":[\"Medioambiente\"],\"inLanguage\":\"es\",\"potentialAction\":[{\"@type\":\"CommentAction\",\"name\":\"Comment\",\"target\":[\"https:\/\/diarionoticias.pe\/ecosistemas\/arte-para-concientizar-cambio-climatico-y-ecosistemas\/#respond\"]}]},{\"@type\":\"WebPage\",\"@id\":\"https:\/\/diarionoticias.pe\/ecosistemas\/arte-para-concientizar-cambio-climatico-y-ecosistemas\/\",\"url\":\"https:\/\/diarionoticias.pe\/ecosistemas\/arte-para-concientizar-cambio-climatico-y-ecosistemas\/\",\"name\":\"Arte para Concientizar sobre Cambio Clim\u00e1tico y Ecosistemas\",\"isPartOf\":{\"@id\":\"https:\/\/diarionoticias.pe\/ecosistemas\/#website\"},\"primaryImageOfPage\":{\"@id\":\"https:\/\/diarionoticias.pe\/ecosistemas\/arte-para-concientizar-cambio-climatico-y-ecosistemas\/#primaryimage\"},\"image\":{\"@id\":\"https:\/\/diarionoticias.pe\/ecosistemas\/arte-para-concientizar-cambio-climatico-y-ecosistemas\/#primaryimage\"},\"thumbnailUrl\":\"https:\/\/diarionoticias.pe\/ecosistemas\/wp-content\/uploads\/2024\/12\/Arte-para-concientizar-cambio-climatico-y-ecosistemas.webp\",\"datePublished\":\"2024-12-12T03:33:07+00:00\",\"author\":{\"@id\":\"https:\/\/diarionoticias.pe\/ecosistemas\/#\/schema\/person\/2d391882189b4e2a06523bc4e0578c28\"},\"description\":\"El arte despierta la conciencia sobre el cambio clim\u00e1tico. Insp\u00edrate y act\u00faa por un futuro sostenible. \u00a1Haz la diferencia!\",\"breadcrumb\":{\"@id\":\"https:\/\/diarionoticias.pe\/ecosistemas\/arte-para-concientizar-cambio-climatico-y-ecosistemas\/#breadcrumb\"},\"inLanguage\":\"es\",\"potentialAction\":[{\"@type\":\"ReadAction\",\"target\":[\"https:\/\/diarionoticias.pe\/ecosistemas\/arte-para-concientizar-cambio-climatico-y-ecosistemas\/\"]}]},{\"@type\":\"ImageObject\",\"inLanguage\":\"es\",\"@id\":\"https:\/\/diarionoticias.pe\/ecosistemas\/arte-para-concientizar-cambio-climatico-y-ecosistemas\/#primaryimage\",\"url\":\"https:\/\/diarionoticias.pe\/ecosistemas\/wp-content\/uploads\/2024\/12\/Arte-para-concientizar-cambio-climatico-y-ecosistemas.webp\",\"contentUrl\":\"https:\/\/diarionoticias.pe\/ecosistemas\/wp-content\/uploads\/2024\/12\/Arte-para-concientizar-cambio-climatico-y-ecosistemas.webp\",\"width\":474,\"height\":332,\"caption\":\"Arte para Concientizar sobre Cambio Clim\u00e1tico y Ecosistemas\"},{\"@type\":\"BreadcrumbList\",\"@id\":\"https:\/\/diarionoticias.pe\/ecosistemas\/arte-para-concientizar-cambio-climatico-y-ecosistemas\/#breadcrumb\",\"itemListElement\":[{\"@type\":\"ListItem\",\"position\":1,\"name\":\"Home\",\"item\":\"https:\/\/diarionoticias.pe\/ecosistemas\/\"},{\"@type\":\"ListItem\",\"position\":2,\"name\":\"Arte para Concientizar sobre Cambio Clim\u00e1tico y Ecosistemas\"}]},{\"@type\":\"WebSite\",\"@id\":\"https:\/\/diarionoticias.pe\/ecosistemas\/#website\",\"url\":\"https:\/\/diarionoticias.pe\/ecosistemas\/\",\"name\":\"Ecosistemas\",\"description\":\"Ecolog\u00eda\",\"potentialAction\":[{\"@type\":\"SearchAction\",\"target\":{\"@type\":\"EntryPoint\",\"urlTemplate\":\"https:\/\/diarionoticias.pe\/ecosistemas\/?s={search_term_string}\"},\"query-input\":{\"@type\":\"PropertyValueSpecification\",\"valueRequired\":true,\"valueName\":\"search_term_string\"}}],\"inLanguage\":\"es\"},{\"@type\":\"Person\",\"@id\":\"https:\/\/diarionoticias.pe\/ecosistemas\/#\/schema\/person\/2d391882189b4e2a06523bc4e0578c28\",\"name\":\"Ecolog\u00eda\",\"image\":{\"@type\":\"ImageObject\",\"inLanguage\":\"es\",\"@id\":\"https:\/\/diarionoticias.pe\/ecosistemas\/#\/schema\/person\/image\/\",\"url\":\"https:\/\/secure.gravatar.com\/avatar\/3a42da1b0772a8b2677cd1abba165189c264d6e46a6693b7fb24c387b4d346dc?s=96&d=mm&r=g\",\"contentUrl\":\"https:\/\/secure.gravatar.com\/avatar\/3a42da1b0772a8b2677cd1abba165189c264d6e46a6693b7fb24c387b4d346dc?s=96&d=mm&r=g\",\"caption\":\"Ecolog\u00eda\"},\"sameAs\":[\"https:\/\/diarionoticias.pe\/ecosistemas\"]}]}<\/script>\n<!-- \/ Yoast SEO Premium plugin. -->","yoast_head_json":{"title":"Arte para Concientizar sobre Cambio Clim\u00e1tico y Ecosistemas","description":"El arte despierta la conciencia sobre el cambio clim\u00e1tico. Insp\u00edrate y act\u00faa por un futuro sostenible. \u00a1Haz la diferencia!","robots":{"index":"index","follow":"follow","max-snippet":"max-snippet:-1","max-image-preview":"max-image-preview:large","max-video-preview":"max-video-preview:-1"},"canonical":"https:\/\/diarionoticias.pe\/ecosistemas\/arte-para-concientizar-cambio-climatico-y-ecosistemas\/","og_locale":"es_MX","og_type":"article","og_title":"Arte para concientizar: cambio clim\u00e1tico y ecosistemas","og_description":"El arte despierta la conciencia sobre el cambio clim\u00e1tico. Insp\u00edrate y act\u00faa por un futuro sostenible. \u00a1Haz la diferencia!","og_url":"https:\/\/diarionoticias.pe\/ecosistemas\/arte-para-concientizar-cambio-climatico-y-ecosistemas\/","og_site_name":"Ecosistemas","article_published_time":"2024-12-12T03:33:07+00:00","og_image":[{"width":474,"height":332,"url":"https:\/\/diarionoticias.pe\/ecosistemas\/wp-content\/uploads\/2024\/12\/Arte-para-concientizar-cambio-climatico-y-ecosistemas.webp","type":"image\/jpeg"}],"author":"Ecolog\u00eda","twitter_card":"summary_large_image","twitter_title":"Arte para concientizar: cambio clim\u00e1tico y ecosistemas","twitter_misc":{"Escrito por":"Ecolog\u00eda","Tiempo de lectura":"7 minutos"},"schema":{"@context":"https:\/\/schema.org","@graph":[{"@type":"Article","@id":"https:\/\/diarionoticias.pe\/ecosistemas\/arte-para-concientizar-cambio-climatico-y-ecosistemas\/#article","isPartOf":{"@id":"https:\/\/diarionoticias.pe\/ecosistemas\/arte-para-concientizar-cambio-climatico-y-ecosistemas\/"},"author":{"name":"Ecolog\u00eda","@id":"https:\/\/diarionoticias.pe\/ecosistemas\/#\/schema\/person\/2d391882189b4e2a06523bc4e0578c28"},"headline":"Arte para Concientizar sobre Cambio Clim\u00e1tico y Ecosistemas","datePublished":"2024-12-12T03:33:07+00:00","mainEntityOfPage":{"@id":"https:\/\/diarionoticias.pe\/ecosistemas\/arte-para-concientizar-cambio-climatico-y-ecosistemas\/"},"wordCount":1491,"commentCount":0,"image":{"@id":"https:\/\/diarionoticias.pe\/ecosistemas\/arte-para-concientizar-cambio-climatico-y-ecosistemas\/#primaryimage"},"thumbnailUrl":"https:\/\/diarionoticias.pe\/ecosistemas\/wp-content\/uploads\/2024\/12\/Arte-para-concientizar-cambio-climatico-y-ecosistemas.webp","articleSection":["Medioambiente"],"inLanguage":"es","potentialAction":[{"@type":"CommentAction","name":"Comment","target":["https:\/\/diarionoticias.pe\/ecosistemas\/arte-para-concientizar-cambio-climatico-y-ecosistemas\/#respond"]}]},{"@type":"WebPage","@id":"https:\/\/diarionoticias.pe\/ecosistemas\/arte-para-concientizar-cambio-climatico-y-ecosistemas\/","url":"https:\/\/diarionoticias.pe\/ecosistemas\/arte-para-concientizar-cambio-climatico-y-ecosistemas\/","name":"Arte para Concientizar sobre Cambio Clim\u00e1tico y Ecosistemas","isPartOf":{"@id":"https:\/\/diarionoticias.pe\/ecosistemas\/#website"},"primaryImageOfPage":{"@id":"https:\/\/diarionoticias.pe\/ecosistemas\/arte-para-concientizar-cambio-climatico-y-ecosistemas\/#primaryimage"},"image":{"@id":"https:\/\/diarionoticias.pe\/ecosistemas\/arte-para-concientizar-cambio-climatico-y-ecosistemas\/#primaryimage"},"thumbnailUrl":"https:\/\/diarionoticias.pe\/ecosistemas\/wp-content\/uploads\/2024\/12\/Arte-para-concientizar-cambio-climatico-y-ecosistemas.webp","datePublished":"2024-12-12T03:33:07+00:00","author":{"@id":"https:\/\/diarionoticias.pe\/ecosistemas\/#\/schema\/person\/2d391882189b4e2a06523bc4e0578c28"},"description":"El arte despierta la conciencia sobre el cambio clim\u00e1tico. Insp\u00edrate y act\u00faa por un futuro sostenible. \u00a1Haz la diferencia!","breadcrumb":{"@id":"https:\/\/diarionoticias.pe\/ecosistemas\/arte-para-concientizar-cambio-climatico-y-ecosistemas\/#breadcrumb"},"inLanguage":"es","potentialAction":[{"@type":"ReadAction","target":["https:\/\/diarionoticias.pe\/ecosistemas\/arte-para-concientizar-cambio-climatico-y-ecosistemas\/"]}]},{"@type":"ImageObject","inLanguage":"es","@id":"https:\/\/diarionoticias.pe\/ecosistemas\/arte-para-concientizar-cambio-climatico-y-ecosistemas\/#primaryimage","url":"https:\/\/diarionoticias.pe\/ecosistemas\/wp-content\/uploads\/2024\/12\/Arte-para-concientizar-cambio-climatico-y-ecosistemas.webp","contentUrl":"https:\/\/diarionoticias.pe\/ecosistemas\/wp-content\/uploads\/2024\/12\/Arte-para-concientizar-cambio-climatico-y-ecosistemas.webp","width":474,"height":332,"caption":"Arte para Concientizar sobre Cambio Clim\u00e1tico y Ecosistemas"},{"@type":"BreadcrumbList","@id":"https:\/\/diarionoticias.pe\/ecosistemas\/arte-para-concientizar-cambio-climatico-y-ecosistemas\/#breadcrumb","itemListElement":[{"@type":"ListItem","position":1,"name":"Home","item":"https:\/\/diarionoticias.pe\/ecosistemas\/"},{"@type":"ListItem","position":2,"name":"Arte para Concientizar sobre Cambio Clim\u00e1tico y Ecosistemas"}]},{"@type":"WebSite","@id":"https:\/\/diarionoticias.pe\/ecosistemas\/#website","url":"https:\/\/diarionoticias.pe\/ecosistemas\/","name":"Ecosistemas","description":"Ecolog\u00eda","potentialAction":[{"@type":"SearchAction","target":{"@type":"EntryPoint","urlTemplate":"https:\/\/diarionoticias.pe\/ecosistemas\/?s={search_term_string}"},"query-input":{"@type":"PropertyValueSpecification","valueRequired":true,"valueName":"search_term_string"}}],"inLanguage":"es"},{"@type":"Person","@id":"https:\/\/diarionoticias.pe\/ecosistemas\/#\/schema\/person\/2d391882189b4e2a06523bc4e0578c28","name":"Ecolog\u00eda","image":{"@type":"ImageObject","inLanguage":"es","@id":"https:\/\/diarionoticias.pe\/ecosistemas\/#\/schema\/person\/image\/","url":"https:\/\/secure.gravatar.com\/avatar\/3a42da1b0772a8b2677cd1abba165189c264d6e46a6693b7fb24c387b4d346dc?s=96&d=mm&r=g","contentUrl":"https:\/\/secure.gravatar.com\/avatar\/3a42da1b0772a8b2677cd1abba165189c264d6e46a6693b7fb24c387b4d346dc?s=96&d=mm&r=g","caption":"Ecolog\u00eda"},"sameAs":["https:\/\/diarionoticias.pe\/ecosistemas"]}]}},"_links":{"self":[{"href":"https:\/\/diarionoticias.pe\/ecosistemas\/wp-json\/wp\/v2\/posts\/524","targetHints":{"allow":["GET"]}}],"collection":[{"href":"https:\/\/diarionoticias.pe\/ecosistemas\/wp-json\/wp\/v2\/posts"}],"about":[{"href":"https:\/\/diarionoticias.pe\/ecosistemas\/wp-json\/wp\/v2\/types\/post"}],"author":[{"embeddable":true,"href":"https:\/\/diarionoticias.pe\/ecosistemas\/wp-json\/wp\/v2\/users\/1"}],"replies":[{"embeddable":true,"href":"https:\/\/diarionoticias.pe\/ecosistemas\/wp-json\/wp\/v2\/comments?post=524"}],"version-history":[{"count":1,"href":"https:\/\/diarionoticias.pe\/ecosistemas\/wp-json\/wp\/v2\/posts\/524\/revisions"}],"predecessor-version":[{"id":2278,"href":"https:\/\/diarionoticias.pe\/ecosistemas\/wp-json\/wp\/v2\/posts\/524\/revisions\/2278"}],"wp:featuredmedia":[{"embeddable":true,"href":"https:\/\/diarionoticias.pe\/ecosistemas\/wp-json\/wp\/v2\/media\/525"}],"wp:attachment":[{"href":"https:\/\/diarionoticias.pe\/ecosistemas\/wp-json\/wp\/v2\/media?parent=524"}],"wp:term":[{"taxonomy":"category","embeddable":true,"href":"https:\/\/diarionoticias.pe\/ecosistemas\/wp-json\/wp\/v2\/categories?post=524"},{"taxonomy":"post_tag","embeddable":true,"href":"https:\/\/diarionoticias.pe\/ecosistemas\/wp-json\/wp\/v2\/tags?post=524"}],"curies":[{"name":"wp","href":"https:\/\/api.w.org\/{rel}","templated":true}]}}