{"id":516,"date":"2024-12-09T14:31:49","date_gmt":"2024-12-09T20:31:49","guid":{"rendered":"https:\/\/diarionoticias.pe\/ecosistemas\/?p=516"},"modified":"2024-12-09T14:31:49","modified_gmt":"2024-12-09T20:31:49","slug":"proteccion-global-de-ecosistemas-y-derechos-ambientales","status":"publish","type":"post","link":"https:\/\/diarionoticias.pe\/ecosistemas\/proteccion-global-de-ecosistemas-y-derechos-ambientales\/","title":{"rendered":"Derechos Ambientales y Ecosistemas: Est\u00e1n Amenazados"},"content":{"rendered":"<p>En el actual contexto global, los <strong>derechos ambientales<\/strong> y la <strong>protecci\u00f3n de los ecosistemas<\/strong> se han convertido en temas de creciente relevancia. La interacci\u00f3n del ser humano con su entorno natural ha llevado a una serie de desaf\u00edos que amenazan la biodiversidad y la estabilidad de los recursos que son vitales para nuestra existencia. La p\u00e9rdida de h\u00e1bitats, el cambio clim\u00e1tico y la contaminaci\u00f3n son solo algunas de las cuestiones que enfrentamos, y es urgente que tomemos medidas efectivas para enfrentar estos problemas. <\/p>\n<h2>La Importancia de los Derechos Ambientales<\/h2>\n<p>Los <strong>derechos ambientales<\/strong> no son solo un principio \u00e9tico, sino un fundamento jur\u00eddico que cada vez m\u00e1s pa\u00edses est\u00e1n reconociendo. Estos derechos aseguran que los individuos y comunidades puedan disfrutar de un ambiente saludable y equilibrado. La protecci\u00f3n global de los ecosistemas es esencial para mantener la biodiversidad, regular el clima y asegurar la provisi\u00f3n de recursos naturales cruciales para la vida humana.<\/p>\n<p>Cuando hablamos de <strong>derechos ambientales<\/strong>, se hace referencia a la capacidad de las comunidades para participar en la toma de decisiones que afectan su entorno. Esto incluye el derecho a un aire limpio, agua potable y un suelo sin contaminantes. Sin estos derechos, las comunidades m\u00e1s vulnerables, a menudo las que est\u00e1n en primera l\u00ednea de los efectos del da\u00f1o ambiental, pueden ser las m\u00e1s afectadas.<\/p>\n<h2>Amenazas a los Ecosistemas Globales<\/h2>\n<p>Los ecosistemas en todo el mundo est\u00e1n en peligro debido a diversas amenazas. Los desaf\u00edos incluyen la deforestaci\u00f3n, la contaminaci\u00f3n del agua y el agotamiento de recursos naturales, entre otros. Estas problem\u00e1ticas no solo afectan al medio ambiente, sino que tambi\u00e9n tienen un impacto directo en la salud y bienestar de las poblaciones humanas.<\/p>\n<h3>Deforestaci\u00f3n: Un Problema Urgente<\/h3>\n<p>La <strong>deforestaci\u00f3n<\/strong> es una de las principales amenazas para la biodiversidad global. Cada a\u00f1o, millones de hect\u00e1reas de bosques son destruidas, lo que no solo reduce la capacidad del planeta para absorber di\u00f3xido de carbono, sino que tambi\u00e9n destruye el h\u00e1bitat de innumerables especies. Este fen\u00f3meno se debe a varios factores, como la expansi\u00f3n agr\u00edcola, la urbanizaci\u00f3n y la explotaci\u00f3n maderera.<\/p>\n<p>Para combatir la <strong>deforestaci\u00f3n<\/strong>, es fundamental implementar pol\u00edticas que promuevan la reforestaci\u00f3n y el uso sostenible de los recursos forestales. La inversi\u00f3n en pr\u00e1cticas agr\u00edcolas sostenibles y la protecci\u00f3n de \u00e1reas forestales pueden ser estrategias efectivas para mitigar este problema.<\/p>\n<h3>Contaminaci\u00f3n del Agua: Efectos y Soluciones<\/h3>\n<p>La <strong>contaminaci\u00f3n del agua<\/strong> es otro asunto cr\u00edtico que afecta la salud de los ecosistemas y de las comunidades. Contaminantes provenientes de industrias, agricultura y desechos urbanos han llevado a la degradaci\u00f3n de cuerpos de agua esenciales. Esto supone riesgos graves para la fauna acu\u00e1tica y la calidad del agua potable.<\/p>\n<p>Las soluciones propuestas incluyen el tratamiento adecuado de aguas residuales, la regulaci\u00f3n estricta de descargas industriales, y la promoci\u00f3n de tecnolog\u00edas limpias. La conciencia sobre el uso y conservaci\u00f3n del agua es crucial para asegurar su disponibilidad futura.<\/p>\n<h3>Agotamiento de Recursos Naturales: Un Desaf\u00edo Inminente<\/h3>\n<p>El <strong>agotamiento de recursos naturales<\/strong> representa un desaf\u00edo que no debe subestimarse. La sobreexplotaci\u00f3n de recursos como el agua, el petr\u00f3leo y los minerales puede llevar a la escasez y conflictos. La transici\u00f3n hacia pr\u00e1cticas m\u00e1s sostenibles es esencial para evitar la explotaci\u00f3n desenfrenada de la Tierra.<\/p>\n<p>Un enfoque en la econom\u00eda circular puede ser una v\u00eda prometedora. Esta implica reutilizar materiales, reducir el desperdicio y fomentar el dise\u00f1o sostenible, garantizando as\u00ed la conservaci\u00f3n de recursos para futuras generaciones.<\/p>\n<h2>Acuerdos Internacionales: Colaboraci\u00f3n Global para la Protecci\u00f3n<\/h2>\n<p>Para abordar efectivamente las amenazas a los ecosistemas globales, se requieren esfuerzos colaborativos a nivel internacional. Existen diversos <strong>acuerdos internacionales<\/strong> que buscan proteger el medio ambiente y garantizar los derechos ambientales universalmente.<\/p>\n<p>Uno de ellos es el Acuerdo de Par\u00eds, que establece compromisos para reducir las emisiones de gases de efecto invernadero y mitigar el cambio clim\u00e1tico. Este acuerdo representa un paso crucial en la <strong>protecci\u00f3n global de los ecosistemas<\/strong>. Otro ejemplo destacable es la Convenci\u00f3n sobre la Diversidad Biol\u00f3gica, que busca conservar la diversidad de la vida en el planeta.<\/p>\n<h2>Legislaciones Nacionales: Marco Legal para la Conservaci\u00f3n<\/h2>\n<p>Los <strong>marcos legales nacionales<\/strong> son herramientas vitales para la protecci\u00f3n de los ecosistemas y derechos ambientales. Muchos pa\u00edses han adoptado leyes que promueven la sostenibilidad y la defensa del medio ambiente. Sin embargo, la implementaci\u00f3n y el cumplimiento de estas regulaciones son fundamentales para su \u00e9xito.<\/p>\n<p>Las pol\u00edticas que se enfocan en la educaci\u00f3n ambiental, incentivos fiscales para pr\u00e1cticas sostenibles, y la penalizaci\u00f3n de la contaminaci\u00f3n son ejemplos de c\u00f3mo los gobiernos pueden intervenir positivamente en la salvaguarda del entorno natural.<\/p>\n<h2>Rol de las Organizaciones No Gubernamentales<\/h2>\n<p>Las <strong>organizaciones no gubernamentales (ONG)<\/strong> desempe\u00f1an un papel esencial en la defensa de los derechos ambientales y la protecci\u00f3n de los ecosistemas. Estas organizaciones suelen estar en la vanguardia de la lucha contra la contaminaci\u00f3n, la deforestaci\u00f3n y otras formas de degradaci\u00f3n ambiental.<\/p>\n<p>Adem\u00e1s de elevar la conciencia sobre estos temas, las ONG ayudan a implementar proyectos locales que promueven la conservaci\u00f3n. De esta manera, contribuyen a cerrar la brecha entre los gobiernos y las comunidades, facilitando la participaci\u00f3n ciudadana en la toma de decisiones relacionadas con el medio ambiente.<\/p>\n<h2>Transici\u00f3n hacia una Econom\u00eda Sostenible<\/h2>\n<p>La <strong>transici\u00f3n hacia una econom\u00eda sostenible<\/strong> es fundamental en el contexto actual. Este cambio implica un ajuste en nuestras pr\u00e1cticas econ\u00f3micas hacia modelos que respeten los l\u00edmites del planeta y promuevan el bienestar social. Es vital erradicar el pensamiento de que el crecimiento econ\u00f3mico se consigue a expensas del medio ambiente.<\/p>\n<p>Incentivar industrias verdes, invertir en energ\u00edas renovables y desarrollar tecnolog\u00edas que reduzcan el impacto ambiental son pasos necesarios para lograr un desarrollo sostenible. Asimismo, la responsabilidad del consumidor tambi\u00e9n juega un papel crucial; elegir productos sostenibles puede influir en el mercado en general.<\/p>\n<h2>Educaci\u00f3n Ambiental: Generando Conciencia y Acci\u00f3n<\/h2>\n<p>La <strong>educaci\u00f3n ambiental<\/strong> es otra clave para el cambio. La generaci\u00f3n de conciencia sobre la importancia de proteger nuestros ecosistemas y reconocer nuestros derechos ambientales es fundamental para fomentar una ciudadan\u00eda activa y comprometida.<\/p>\n<p>A trav\u00e9s de programas educativos, talleres y campa\u00f1as de sensibilizaci\u00f3n, podemos involucrar a las comunidades en la protecci\u00f3n del entorno que les rodea. Fomentar un sentido de pertenencia hacia la naturaleza puede motivar a las personas a actuar y exigir sus derechos en materia ambiental.<\/p>\n<h2>Viabilidad de un Futuro Sostenible<\/h2>\n<p>La visi\u00f3n de un futuro sostenible es posible, pero requiere la colaboraci\u00f3n de todos los sectores de la sociedad. La <strong>protecci\u00f3n global de los ecosistemas y derechos ambientales<\/strong> debe ser una prioridad compartida entre gobiernos, empresas, ONG y ciudadanos.<\/p>\n<p>Aceptar la realidad de que nuestros recursos naturales son finitos y actuar en consecuencia es la \u00fanica forma de garantizar la salud de nuestro planeta. En este sentido, cada esfuerzo cuenta; desde acciones individuales hasta iniciativas colectivas, todos podemos contribuir a un mundo m\u00e1s sostenible.<\/p>\n<p>La necesidad de un enfoque conjunto hacia la <strong>protecci\u00f3n global de los ecosistemas y derechos ambientales<\/strong> nos interpela a realizar cambios significativos ahora. Siempre hay algo que podemos hacer para marcar la diferencia; ya sea reduciendo nuestro impacto, apoyando iniciativas sostenibles o educando a otros sobre la importancia de nuestra relaci\u00f3n con el medio ambiente. Cada peque\u00f1o paso contribuye a un camino hacia un futuro donde ambientes saludables y comunidades fuertes coexistan en armon\u00eda.<\/p>\n","protected":false},"excerpt":{"rendered":"<p>En el actual contexto global, los derechos ambientales y la protecci\u00f3n de los ecosistemas se han convertido en temas de creciente relevancia. La interacci\u00f3n del ser humano con su entorno natural ha llevado a una serie de desaf\u00edos que amenazan la biodiversidad y la estabilidad de los recursos que son vitales para nuestra existencia. La&#8230;<\/p>\n","protected":false},"author":1,"featured_media":517,"comment_status":"open","ping_status":"open","sticky":false,"template":"","format":"standard","meta":{"_kad_post_transparent":"","_kad_post_title":"","_kad_post_layout":"","_kad_post_sidebar_id":"","_kad_post_content_style":"","_kad_post_vertical_padding":"","_kad_post_feature":"","_kad_post_feature_position":"","_kad_post_header":false,"_kad_post_footer":false,"footnotes":""},"categories":[12],"tags":[],"class_list":["post-516","post","type-post","status-publish","format-standard","has-post-thumbnail","hentry","category-medioambiente"],"yoast_head":"<!-- This site is optimized with the Yoast SEO Premium plugin v21.7 (Yoast SEO v26.8) - https:\/\/yoast.com\/product\/yoast-seo-premium-wordpress\/ -->\n<title>Derechos Ambientales y Ecosistemas: Est\u00e1n Amenazados<\/title>\n<meta name=\"description\" content=\"\u00a1Act\u00faa ya! Los derechos ambientales y ecosistemas est\u00e1n en peligro. Conoce la urgencia de salvar nuestro planeta.\" \/>\n<meta name=\"robots\" content=\"index, follow, max-snippet:-1, max-image-preview:large, max-video-preview:-1\" \/>\n<link rel=\"canonical\" href=\"https:\/\/diarionoticias.pe\/ecosistemas\/proteccion-global-de-ecosistemas-y-derechos-ambientales\/\" \/>\n<meta property=\"og:locale\" content=\"es_MX\" \/>\n<meta property=\"og:type\" content=\"article\" \/>\n<meta property=\"og:title\" content=\"Protecci\u00f3n global de ecosistemas y derechos ambientales\" \/>\n<meta property=\"og:description\" content=\"\u00a1Act\u00faa ya! Los derechos ambientales y ecosistemas est\u00e1n en peligro. Conoce la urgencia de salvar nuestro planeta.\" \/>\n<meta property=\"og:url\" content=\"https:\/\/diarionoticias.pe\/ecosistemas\/proteccion-global-de-ecosistemas-y-derechos-ambientales\/\" \/>\n<meta property=\"og:site_name\" content=\"Ecosistemas\" \/>\n<meta property=\"article:published_time\" content=\"2024-12-09T20:31:49+00:00\" \/>\n<meta property=\"og:image\" content=\"https:\/\/diarionoticias.pe\/ecosistemas\/wp-content\/uploads\/2024\/12\/Proteccion-global-de-ecosistemas-y-derechos-ambientales.webp\" \/>\n\t<meta property=\"og:image:width\" content=\"474\" \/>\n\t<meta property=\"og:image:height\" content=\"284\" \/>\n\t<meta property=\"og:image:type\" content=\"image\/jpeg\" \/>\n<meta name=\"author\" content=\"Ecolog\u00eda\" \/>\n<meta name=\"twitter:card\" content=\"summary_large_image\" \/>\n<meta name=\"twitter:title\" content=\"Protecci\u00f3n global de ecosistemas y derechos ambientales\" \/>\n<meta name=\"twitter:label1\" content=\"Escrito por\" \/>\n\t<meta name=\"twitter:data1\" content=\"Ecolog\u00eda\" \/>\n\t<meta name=\"twitter:label2\" content=\"Tiempo de lectura\" \/>\n\t<meta name=\"twitter:data2\" content=\"7 minutos\" \/>\n<script type=\"application\/ld+json\" class=\"yoast-schema-graph\">{\"@context\":\"https:\/\/schema.org\",\"@graph\":[{\"@type\":\"Article\",\"@id\":\"https:\/\/diarionoticias.pe\/ecosistemas\/proteccion-global-de-ecosistemas-y-derechos-ambientales\/#article\",\"isPartOf\":{\"@id\":\"https:\/\/diarionoticias.pe\/ecosistemas\/proteccion-global-de-ecosistemas-y-derechos-ambientales\/\"},\"author\":{\"name\":\"Ecolog\u00eda\",\"@id\":\"https:\/\/diarionoticias.pe\/ecosistemas\/#\/schema\/person\/2d391882189b4e2a06523bc4e0578c28\"},\"headline\":\"Derechos Ambientales y Ecosistemas: Est\u00e1n Amenazados\",\"datePublished\":\"2024-12-09T20:31:49+00:00\",\"mainEntityOfPage\":{\"@id\":\"https:\/\/diarionoticias.pe\/ecosistemas\/proteccion-global-de-ecosistemas-y-derechos-ambientales\/\"},\"wordCount\":1316,\"commentCount\":0,\"image\":{\"@id\":\"https:\/\/diarionoticias.pe\/ecosistemas\/proteccion-global-de-ecosistemas-y-derechos-ambientales\/#primaryimage\"},\"thumbnailUrl\":\"https:\/\/diarionoticias.pe\/ecosistemas\/wp-content\/uploads\/2024\/12\/Proteccion-global-de-ecosistemas-y-derechos-ambientales.webp\",\"articleSection\":[\"Medioambiente\"],\"inLanguage\":\"es\",\"potentialAction\":[{\"@type\":\"CommentAction\",\"name\":\"Comment\",\"target\":[\"https:\/\/diarionoticias.pe\/ecosistemas\/proteccion-global-de-ecosistemas-y-derechos-ambientales\/#respond\"]}]},{\"@type\":\"WebPage\",\"@id\":\"https:\/\/diarionoticias.pe\/ecosistemas\/proteccion-global-de-ecosistemas-y-derechos-ambientales\/\",\"url\":\"https:\/\/diarionoticias.pe\/ecosistemas\/proteccion-global-de-ecosistemas-y-derechos-ambientales\/\",\"name\":\"Derechos Ambientales y Ecosistemas: Est\u00e1n Amenazados\",\"isPartOf\":{\"@id\":\"https:\/\/diarionoticias.pe\/ecosistemas\/#website\"},\"primaryImageOfPage\":{\"@id\":\"https:\/\/diarionoticias.pe\/ecosistemas\/proteccion-global-de-ecosistemas-y-derechos-ambientales\/#primaryimage\"},\"image\":{\"@id\":\"https:\/\/diarionoticias.pe\/ecosistemas\/proteccion-global-de-ecosistemas-y-derechos-ambientales\/#primaryimage\"},\"thumbnailUrl\":\"https:\/\/diarionoticias.pe\/ecosistemas\/wp-content\/uploads\/2024\/12\/Proteccion-global-de-ecosistemas-y-derechos-ambientales.webp\",\"datePublished\":\"2024-12-09T20:31:49+00:00\",\"author\":{\"@id\":\"https:\/\/diarionoticias.pe\/ecosistemas\/#\/schema\/person\/2d391882189b4e2a06523bc4e0578c28\"},\"description\":\"\u00a1Act\u00faa ya! Los derechos ambientales y ecosistemas est\u00e1n en peligro. Conoce la urgencia de salvar nuestro planeta.\",\"breadcrumb\":{\"@id\":\"https:\/\/diarionoticias.pe\/ecosistemas\/proteccion-global-de-ecosistemas-y-derechos-ambientales\/#breadcrumb\"},\"inLanguage\":\"es\",\"potentialAction\":[{\"@type\":\"ReadAction\",\"target\":[\"https:\/\/diarionoticias.pe\/ecosistemas\/proteccion-global-de-ecosistemas-y-derechos-ambientales\/\"]}]},{\"@type\":\"ImageObject\",\"inLanguage\":\"es\",\"@id\":\"https:\/\/diarionoticias.pe\/ecosistemas\/proteccion-global-de-ecosistemas-y-derechos-ambientales\/#primaryimage\",\"url\":\"https:\/\/diarionoticias.pe\/ecosistemas\/wp-content\/uploads\/2024\/12\/Proteccion-global-de-ecosistemas-y-derechos-ambientales.webp\",\"contentUrl\":\"https:\/\/diarionoticias.pe\/ecosistemas\/wp-content\/uploads\/2024\/12\/Proteccion-global-de-ecosistemas-y-derechos-ambientales.webp\",\"width\":474,\"height\":284,\"caption\":\"Derechos Ambientales y Ecosistemas: Est\u00e1n Amenazados\"},{\"@type\":\"BreadcrumbList\",\"@id\":\"https:\/\/diarionoticias.pe\/ecosistemas\/proteccion-global-de-ecosistemas-y-derechos-ambientales\/#breadcrumb\",\"itemListElement\":[{\"@type\":\"ListItem\",\"position\":1,\"name\":\"Home\",\"item\":\"https:\/\/diarionoticias.pe\/ecosistemas\/\"},{\"@type\":\"ListItem\",\"position\":2,\"name\":\"Derechos Ambientales y Ecosistemas: Est\u00e1n Amenazados\"}]},{\"@type\":\"WebSite\",\"@id\":\"https:\/\/diarionoticias.pe\/ecosistemas\/#website\",\"url\":\"https:\/\/diarionoticias.pe\/ecosistemas\/\",\"name\":\"Ecosistemas\",\"description\":\"Ecolog\u00eda\",\"potentialAction\":[{\"@type\":\"SearchAction\",\"target\":{\"@type\":\"EntryPoint\",\"urlTemplate\":\"https:\/\/diarionoticias.pe\/ecosistemas\/?s={search_term_string}\"},\"query-input\":{\"@type\":\"PropertyValueSpecification\",\"valueRequired\":true,\"valueName\":\"search_term_string\"}}],\"inLanguage\":\"es\"},{\"@type\":\"Person\",\"@id\":\"https:\/\/diarionoticias.pe\/ecosistemas\/#\/schema\/person\/2d391882189b4e2a06523bc4e0578c28\",\"name\":\"Ecolog\u00eda\",\"image\":{\"@type\":\"ImageObject\",\"inLanguage\":\"es\",\"@id\":\"https:\/\/diarionoticias.pe\/ecosistemas\/#\/schema\/person\/image\/\",\"url\":\"https:\/\/secure.gravatar.com\/avatar\/3a42da1b0772a8b2677cd1abba165189c264d6e46a6693b7fb24c387b4d346dc?s=96&d=mm&r=g\",\"contentUrl\":\"https:\/\/secure.gravatar.com\/avatar\/3a42da1b0772a8b2677cd1abba165189c264d6e46a6693b7fb24c387b4d346dc?s=96&d=mm&r=g\",\"caption\":\"Ecolog\u00eda\"},\"sameAs\":[\"https:\/\/diarionoticias.pe\/ecosistemas\"]}]}<\/script>\n<!-- \/ Yoast SEO Premium plugin. -->","yoast_head_json":{"title":"Derechos Ambientales y Ecosistemas: Est\u00e1n Amenazados","description":"\u00a1Act\u00faa ya! Los derechos ambientales y ecosistemas est\u00e1n en peligro. Conoce la urgencia de salvar nuestro planeta.","robots":{"index":"index","follow":"follow","max-snippet":"max-snippet:-1","max-image-preview":"max-image-preview:large","max-video-preview":"max-video-preview:-1"},"canonical":"https:\/\/diarionoticias.pe\/ecosistemas\/proteccion-global-de-ecosistemas-y-derechos-ambientales\/","og_locale":"es_MX","og_type":"article","og_title":"Protecci\u00f3n global de ecosistemas y derechos ambientales","og_description":"\u00a1Act\u00faa ya! Los derechos ambientales y ecosistemas est\u00e1n en peligro. Conoce la urgencia de salvar nuestro planeta.","og_url":"https:\/\/diarionoticias.pe\/ecosistemas\/proteccion-global-de-ecosistemas-y-derechos-ambientales\/","og_site_name":"Ecosistemas","article_published_time":"2024-12-09T20:31:49+00:00","og_image":[{"width":474,"height":284,"url":"https:\/\/diarionoticias.pe\/ecosistemas\/wp-content\/uploads\/2024\/12\/Proteccion-global-de-ecosistemas-y-derechos-ambientales.webp","type":"image\/jpeg"}],"author":"Ecolog\u00eda","twitter_card":"summary_large_image","twitter_title":"Protecci\u00f3n global de ecosistemas y derechos ambientales","twitter_misc":{"Escrito por":"Ecolog\u00eda","Tiempo de lectura":"7 minutos"},"schema":{"@context":"https:\/\/schema.org","@graph":[{"@type":"Article","@id":"https:\/\/diarionoticias.pe\/ecosistemas\/proteccion-global-de-ecosistemas-y-derechos-ambientales\/#article","isPartOf":{"@id":"https:\/\/diarionoticias.pe\/ecosistemas\/proteccion-global-de-ecosistemas-y-derechos-ambientales\/"},"author":{"name":"Ecolog\u00eda","@id":"https:\/\/diarionoticias.pe\/ecosistemas\/#\/schema\/person\/2d391882189b4e2a06523bc4e0578c28"},"headline":"Derechos Ambientales y Ecosistemas: Est\u00e1n Amenazados","datePublished":"2024-12-09T20:31:49+00:00","mainEntityOfPage":{"@id":"https:\/\/diarionoticias.pe\/ecosistemas\/proteccion-global-de-ecosistemas-y-derechos-ambientales\/"},"wordCount":1316,"commentCount":0,"image":{"@id":"https:\/\/diarionoticias.pe\/ecosistemas\/proteccion-global-de-ecosistemas-y-derechos-ambientales\/#primaryimage"},"thumbnailUrl":"https:\/\/diarionoticias.pe\/ecosistemas\/wp-content\/uploads\/2024\/12\/Proteccion-global-de-ecosistemas-y-derechos-ambientales.webp","articleSection":["Medioambiente"],"inLanguage":"es","potentialAction":[{"@type":"CommentAction","name":"Comment","target":["https:\/\/diarionoticias.pe\/ecosistemas\/proteccion-global-de-ecosistemas-y-derechos-ambientales\/#respond"]}]},{"@type":"WebPage","@id":"https:\/\/diarionoticias.pe\/ecosistemas\/proteccion-global-de-ecosistemas-y-derechos-ambientales\/","url":"https:\/\/diarionoticias.pe\/ecosistemas\/proteccion-global-de-ecosistemas-y-derechos-ambientales\/","name":"Derechos Ambientales y Ecosistemas: Est\u00e1n Amenazados","isPartOf":{"@id":"https:\/\/diarionoticias.pe\/ecosistemas\/#website"},"primaryImageOfPage":{"@id":"https:\/\/diarionoticias.pe\/ecosistemas\/proteccion-global-de-ecosistemas-y-derechos-ambientales\/#primaryimage"},"image":{"@id":"https:\/\/diarionoticias.pe\/ecosistemas\/proteccion-global-de-ecosistemas-y-derechos-ambientales\/#primaryimage"},"thumbnailUrl":"https:\/\/diarionoticias.pe\/ecosistemas\/wp-content\/uploads\/2024\/12\/Proteccion-global-de-ecosistemas-y-derechos-ambientales.webp","datePublished":"2024-12-09T20:31:49+00:00","author":{"@id":"https:\/\/diarionoticias.pe\/ecosistemas\/#\/schema\/person\/2d391882189b4e2a06523bc4e0578c28"},"description":"\u00a1Act\u00faa ya! Los derechos ambientales y ecosistemas est\u00e1n en peligro. Conoce la urgencia de salvar nuestro planeta.","breadcrumb":{"@id":"https:\/\/diarionoticias.pe\/ecosistemas\/proteccion-global-de-ecosistemas-y-derechos-ambientales\/#breadcrumb"},"inLanguage":"es","potentialAction":[{"@type":"ReadAction","target":["https:\/\/diarionoticias.pe\/ecosistemas\/proteccion-global-de-ecosistemas-y-derechos-ambientales\/"]}]},{"@type":"ImageObject","inLanguage":"es","@id":"https:\/\/diarionoticias.pe\/ecosistemas\/proteccion-global-de-ecosistemas-y-derechos-ambientales\/#primaryimage","url":"https:\/\/diarionoticias.pe\/ecosistemas\/wp-content\/uploads\/2024\/12\/Proteccion-global-de-ecosistemas-y-derechos-ambientales.webp","contentUrl":"https:\/\/diarionoticias.pe\/ecosistemas\/wp-content\/uploads\/2024\/12\/Proteccion-global-de-ecosistemas-y-derechos-ambientales.webp","width":474,"height":284,"caption":"Derechos Ambientales y Ecosistemas: Est\u00e1n Amenazados"},{"@type":"BreadcrumbList","@id":"https:\/\/diarionoticias.pe\/ecosistemas\/proteccion-global-de-ecosistemas-y-derechos-ambientales\/#breadcrumb","itemListElement":[{"@type":"ListItem","position":1,"name":"Home","item":"https:\/\/diarionoticias.pe\/ecosistemas\/"},{"@type":"ListItem","position":2,"name":"Derechos Ambientales y Ecosistemas: Est\u00e1n Amenazados"}]},{"@type":"WebSite","@id":"https:\/\/diarionoticias.pe\/ecosistemas\/#website","url":"https:\/\/diarionoticias.pe\/ecosistemas\/","name":"Ecosistemas","description":"Ecolog\u00eda","potentialAction":[{"@type":"SearchAction","target":{"@type":"EntryPoint","urlTemplate":"https:\/\/diarionoticias.pe\/ecosistemas\/?s={search_term_string}"},"query-input":{"@type":"PropertyValueSpecification","valueRequired":true,"valueName":"search_term_string"}}],"inLanguage":"es"},{"@type":"Person","@id":"https:\/\/diarionoticias.pe\/ecosistemas\/#\/schema\/person\/2d391882189b4e2a06523bc4e0578c28","name":"Ecolog\u00eda","image":{"@type":"ImageObject","inLanguage":"es","@id":"https:\/\/diarionoticias.pe\/ecosistemas\/#\/schema\/person\/image\/","url":"https:\/\/secure.gravatar.com\/avatar\/3a42da1b0772a8b2677cd1abba165189c264d6e46a6693b7fb24c387b4d346dc?s=96&d=mm&r=g","contentUrl":"https:\/\/secure.gravatar.com\/avatar\/3a42da1b0772a8b2677cd1abba165189c264d6e46a6693b7fb24c387b4d346dc?s=96&d=mm&r=g","caption":"Ecolog\u00eda"},"sameAs":["https:\/\/diarionoticias.pe\/ecosistemas"]}]}},"_links":{"self":[{"href":"https:\/\/diarionoticias.pe\/ecosistemas\/wp-json\/wp\/v2\/posts\/516","targetHints":{"allow":["GET"]}}],"collection":[{"href":"https:\/\/diarionoticias.pe\/ecosistemas\/wp-json\/wp\/v2\/posts"}],"about":[{"href":"https:\/\/diarionoticias.pe\/ecosistemas\/wp-json\/wp\/v2\/types\/post"}],"author":[{"embeddable":true,"href":"https:\/\/diarionoticias.pe\/ecosistemas\/wp-json\/wp\/v2\/users\/1"}],"replies":[{"embeddable":true,"href":"https:\/\/diarionoticias.pe\/ecosistemas\/wp-json\/wp\/v2\/comments?post=516"}],"version-history":[{"count":1,"href":"https:\/\/diarionoticias.pe\/ecosistemas\/wp-json\/wp\/v2\/posts\/516\/revisions"}],"predecessor-version":[{"id":2108,"href":"https:\/\/diarionoticias.pe\/ecosistemas\/wp-json\/wp\/v2\/posts\/516\/revisions\/2108"}],"wp:featuredmedia":[{"embeddable":true,"href":"https:\/\/diarionoticias.pe\/ecosistemas\/wp-json\/wp\/v2\/media\/517"}],"wp:attachment":[{"href":"https:\/\/diarionoticias.pe\/ecosistemas\/wp-json\/wp\/v2\/media?parent=516"}],"wp:term":[{"taxonomy":"category","embeddable":true,"href":"https:\/\/diarionoticias.pe\/ecosistemas\/wp-json\/wp\/v2\/categories?post=516"},{"taxonomy":"post_tag","embeddable":true,"href":"https:\/\/diarionoticias.pe\/ecosistemas\/wp-json\/wp\/v2\/tags?post=516"}],"curies":[{"name":"wp","href":"https:\/\/api.w.org\/{rel}","templated":true}]}}