{"id":1752,"date":"2024-12-02T03:47:58","date_gmt":"2024-12-02T09:47:58","guid":{"rendered":"https:\/\/diarionoticias.pe\/ecosistemas\/desertificacion-como-esta-vinculada-al-cambio-climatico-y-que-significa\/"},"modified":"2024-12-02T03:47:58","modified_gmt":"2024-12-02T09:47:58","slug":"desertificacion-como-esta-vinculada-al-cambio-climatico-y-que-significa","status":"publish","type":"post","link":"https:\/\/diarionoticias.pe\/ecosistemas\/desertificacion-como-esta-vinculada-al-cambio-climatico-y-que-significa\/","title":{"rendered":"Desertificaci\u00f3n y cambio clim\u00e1tico: C\u00f3mo se relacionan"},"content":{"rendered":"<p>La <strong>desertificaci\u00f3n<\/strong> es un fen\u00f3meno ambiental alarmante que transforma tierras f\u00e9rtiles en \u00e1ridas e improductivas, estrechamente vinculado con el <strong>cambio clim\u00e1tico<\/strong>. Este proceso no solo pone en riesgo la biodiversidad, sino que tambi\u00e9n amenaza la seguridad alimentaria y la estabilidad de comunidades que dependen de la tierra. <\/p>\n<h2>\u00bfQu\u00e9 es la desertificaci\u00f3n?<\/h2>\n<p>La <strong>desertificaci\u00f3n<\/strong> se define como la degradaci\u00f3n de tierras en zonas \u00e1ridas, semi\u00e1ridas y subh\u00famedas secas, resultante de m\u00faltiples factores, entre los cuales destacan las variaciones clim\u00e1ticas y las actividades humanas. Este proceso implica la p\u00e9rdida de la capacidad productiva del suelo, lo que conlleva a la desertificaci\u00f3n de terrenos que alguna vez fueron ricos en nutrientes y aptos para la agricultura.<\/p>\n<h2>Causas de la desertificaci\u00f3n<\/h2>\n<p>La desertificaci\u00f3n se produce debido a una combinaci\u00f3n de factores naturales y humanos. A continuaci\u00f3n se presentan las principales causas:<\/p>\n<ul>\n<li><strong>Cambio clim\u00e1tico:<\/strong> El aumento de las temperaturas globales y la alteraci\u00f3n de los patrones de precipitaci\u00f3n contribuyen a la p\u00e9rdida de humedad en el suelo.<\/li>\n<li><strong>Deforestaci\u00f3n:<\/strong> La tala de \u00e1rboles para obtener madera o para el desarrollo agr\u00edcola reduce la capacidad del suelo para retener agua.<\/li>\n<li><strong>Agricultura intensiva:<\/strong> El uso excesivo de fertilizantes y pesticidas, as\u00ed como el cultivo de monocultivos, deterioran la calidad del suelo.<\/li>\n<li><strong>Sobrepastoreo:<\/strong> La cr\u00eda excesiva de animales en una regi\u00f3n espec\u00edfica lleva a la compactaci\u00f3n del suelo y la erosi\u00f3n.<\/li>\n<li><strong>Urbanizaci\u00f3n desenfrenada:<\/strong> La expansi\u00f3n urbana consume tierras f\u00e9rtiles y saca recursos de ecosistemas vulnerables.<\/li>\n<\/ul>\n<h2>El impacto del cambio clim\u00e1tico en la desertificaci\u00f3n<\/h2>\n<p>El <strong>cambio clim\u00e1tico<\/strong> tiene un papel crucial en el proceso de <strong>desertificaci\u00f3n<\/strong>. A medida que las temperaturas aumentan, se observa:<\/p>\n<ul>\n<li><strong>Intensificaci\u00f3n de sequ\u00edas:<\/strong> Zonas que ya enfrentan escasez de agua experimentan sequ\u00edas m\u00e1s prolongadas y severas.<\/li>\n<li><strong>Aumento de eventos clim\u00e1ticos extremos:<\/strong> Fen\u00f3menos como tormentas, inundaciones o huracanes pueden causar la erosi\u00f3n del suelo y la p\u00e9rdida de nutrientes.<\/li>\n<li><strong>Alteraci\u00f3n de los ecosistemas:<\/strong> La migraci\u00f3n de especies y la p\u00e9rdida de biodiversidad afectan la estabilidad de los ecosistemas y su capacidad para recuperarse.<\/li>\n<\/ul>\n<p>Estos factores crean un ciclo vicioso donde la <strong>desertificaci\u00f3n<\/strong> a su vez agrava los efectos del cambio clim\u00e1tico, haciendo que la lucha contra ambos sea un desaf\u00edo interconectado.<\/p>\n<h2>Efectos de la desertificaci\u00f3n en los ecosistemas y comunidades<\/h2>\n<p>Los impactos de la <strong>desertificaci\u00f3n<\/strong> son devastadores no solo para el medio ambiente, sino tambi\u00e9n para las comunidades humanas. Algunos de estos efectos incluyen:<\/p>\n<ul>\n<li><strong>P\u00e9rdida de productividad agr\u00edcola:<\/strong> La degradaci\u00f3n del suelo reduce la capacidad de producci\u00f3n de cultivos, lo que provoca inseguridad alimentaria.<\/li>\n<li><strong>Desplazamiento forzado de poblaciones:<\/strong> Las comunidades que dependen de la agricultura pueden verse obligadas a migrar debido a la falta de recursos.<\/li>\n<li><strong>Conflictos por recursos:<\/strong> La competencia por el agua y la tierra f\u00e9rtil puede generar tensiones y conflictos entre diferentes grupos sociales.<\/li>\n<li><strong>Degradaci\u00f3n de la biodiversidad:<\/strong> La p\u00e9rdida de h\u00e1bitats naturales afecta no solo a las especies animales y vegetales, sino tambi\u00e9n a las comunidades que dependen de estos recursos.<\/li>\n<\/ul>\n<h2>Relaci\u00f3n entre deforestaci\u00f3n y desertificaci\u00f3n<\/h2>\n<p>No se puede hablar de <strong>desertificaci\u00f3n<\/strong> sin mencionar la <strong>deforestaci\u00f3n<\/strong>. La tala masiva de \u00e1rboles contribuye de manera significativa a la degradaci\u00f3n del suelo. La ausencia de vegetaci\u00f3n afecta la retenci\u00f3n de agua, lo que a su vez disminuye la humedad del suelo y exacerba el proceso de desertificaci\u00f3n.<\/p>\n<p>Adem\u00e1s, la deforestaci\u00f3n reduce la biodiversidad y afecta los ciclos biogeoqu\u00edmicos, alterando la salud general del ecosistema. Combatir la <strong>deforestaci\u00f3n<\/strong> es esencial para mitigar los efectos de la <strong>desertificaci\u00f3n<\/strong> y fomentar un entorno sostenible.<\/p>\n<h2>Estrategias para combatir la desertificaci\u00f3n<\/h2>\n<p>Para abordar el problema de la <strong>desertificaci\u00f3n<\/strong>, es crucial implementar diversas estrategias efectivas. Algunos enfoques incluyen:<\/p>\n<ol>\n<li><strong>Restauraci\u00f3n de ecosistemas:<\/strong> Iniciativas de reforestaci\u00f3n y rehabilitaci\u00f3n de tierras degradadas son vitales para recuperar tierras \u00e1ridas.<\/li>\n<li><strong>Pr\u00e1cticas agr\u00edcolas sostenibles:<\/strong> Adoptar t\u00e9cnicas de agricultura que conserven el suelo y los recursos h\u00eddricos, como rotaci\u00f3n de cultivos y agroecolog\u00eda.<\/li>\n<li><strong>Educaci\u00f3n y sensibilizaci\u00f3n:<\/strong> Es importante involucrar a la comunidad con programas de educaci\u00f3n que promuevan pr\u00e1cticas sostenibles.<\/li>\n<li><strong>Pol\u00edticas gubernamentales:<\/strong> La implementaci\u00f3n de pol\u00edticas adecuadas que protejan los recursos naturales y fomenten la conservaci\u00f3n es fundamental.<\/li>\n<li><strong>Innovaci\u00f3n tecnol\u00f3gica:<\/strong> La investigaci\u00f3n y el uso de tecnolog\u00edas avanzadas para la gesti\u00f3n del agua y el suelo pueden hacer una gran diferencia.<\/li>\n<\/ol>\n<h2>El papel de la agricultura sostenible en la prevenci\u00f3n de la desertificaci\u00f3n<\/h2>\n<p>La <strong>agricultura sostenible<\/strong> tiene un rol primordial en la lucha contra la <strong>desertificaci\u00f3n<\/strong>. Al adoptar m\u00e9todos que respeten el medio ambiente, los agricultores pueden ayudar a:<\/p>\n<ul>\n<li><strong>Conservar la humedad del suelo:<\/strong> T\u00e9cnicas como el mulching y la cobertura de cultivos mejoran la retenci\u00f3n de agua.<\/li>\n<li><strong>Mejorar la calidad del suelo:<\/strong> La rotaci\u00f3n de cultivos y el uso de abonos org\u00e1nicos previenen la degradaci\u00f3n del suelo.<\/li>\n<li><strong>Fomentar la biodiversidad:<\/strong> La diversidad en los cultivos no solo mantiene el ecosistema, sino que tambi\u00e9n promueve resiliencia ante cambios clim\u00e1ticos.<\/li>\n<\/ul>\n<h2>Importancia de la colaboraci\u00f3n internacional<\/h2>\n<p>La <strong>desertificaci\u00f3n<\/strong> es un problema global que no puede resolverse sin la colaboraci\u00f3n entre naciones. La cooperaci\u00f3n internacional posibilita:<\/p>\n<ul>\n<li><strong>Intercambio de conocimientos:<\/strong> Compartir mejores pr\u00e1cticas y tecnolog\u00edas ayuda a los pa\u00edses a enfrentar desaf\u00edos comunes.<\/li>\n<li><strong>Financiamiento y recursos:<\/strong> Las iniciativas conjuntas pueden atraer inversiones y recursos para proyectos de conservaci\u00f3n.<\/li>\n<li><strong>Desarrollo de pol\u00edticas comunes:<\/strong> Trabajar en conjunto ayuda a establecer normativas que gu\u00eden la conservaci\u00f3n y el uso sostenible de recursos.<\/li>\n<\/ul>\n<p>En conclusi\u00f3n, la relaci\u00f3n entre <strong>desertificaci\u00f3n<\/strong> y <strong>cambio clim\u00e1tico<\/strong> es cr\u00edtica y requiere atenci\u00f3n urgente. Si bien los desaf\u00edos son significativos, hay esperanza en la adopci\u00f3n de estrategias sostenibles y la colaboraci\u00f3n a nivel internacional. Con el esfuerzo conjunto de gobiernos, organizaciones y comunidades, podemos trabajar para proteger nuestro medio ambiente.<\/p>\n<p>Siempre es valioso informarse y actuar individualmente para contribuir al bienestar del planeta. Si deseas ayudar en la lucha contra la <strong>desertificaci\u00f3n<\/strong>, considera pr\u00e1cticas como la reducci\u00f3n del consumo de recursos, el apoyo a la agricultura sostenible y la participaci\u00f3n en iniciativas de reforestaci\u00f3n. \u00a1Nuestro planeta necesita de cada uno de nosotros!<\/p>\n","protected":false},"excerpt":{"rendered":"<p>La desertificaci\u00f3n es un fen\u00f3meno ambiental alarmante que transforma tierras f\u00e9rtiles en \u00e1ridas e improductivas, estrechamente vinculado con el cambio clim\u00e1tico. Este proceso no solo pone en riesgo la biodiversidad, sino que tambi\u00e9n amenaza la seguridad alimentaria y la estabilidad de comunidades que dependen de la tierra. \u00bfQu\u00e9 es la desertificaci\u00f3n? La desertificaci\u00f3n se define&#8230;<\/p>\n","protected":false},"author":1,"featured_media":240,"comment_status":"open","ping_status":"open","sticky":false,"template":"","format":"standard","meta":{"_kad_post_transparent":"","_kad_post_title":"","_kad_post_layout":"","_kad_post_sidebar_id":"","_kad_post_content_style":"","_kad_post_vertical_padding":"","_kad_post_feature":"","_kad_post_feature_position":"","_kad_post_header":false,"_kad_post_footer":false,"footnotes":""},"categories":[12],"tags":[],"class_list":["post-1752","post","type-post","status-publish","format-standard","has-post-thumbnail","hentry","category-medioambiente"],"yoast_head":"<!-- This site is optimized with the Yoast SEO Premium plugin v21.7 (Yoast SEO v26.8) - https:\/\/yoast.com\/product\/yoast-seo-premium-wordpress\/ -->\n<title>Desertificaci\u00f3n y cambio clim\u00e1tico: C\u00f3mo se relacionan<\/title>\n<meta name=\"description\" content=\"La desertificaci\u00f3n y el cambio clim\u00e1tico est\u00e1n conectados, afectan nuestro planeta y necesitamos actuar para enfrentar esta crisis\" \/>\n<meta name=\"robots\" content=\"index, follow, max-snippet:-1, max-image-preview:large, max-video-preview:-1\" \/>\n<link rel=\"canonical\" href=\"https:\/\/diarionoticias.pe\/ecosistemas\/desertificacion-como-esta-vinculada-al-cambio-climatico-y-que-significa\/\" \/>\n<meta property=\"og:locale\" content=\"es_MX\" \/>\n<meta property=\"og:type\" content=\"article\" \/>\n<meta property=\"og:title\" content=\"Desertificaci\u00f3n y cambio clim\u00e1tico: C\u00f3mo se relacionan\" \/>\n<meta property=\"og:description\" content=\"La desertificaci\u00f3n y el cambio clim\u00e1tico est\u00e1n conectados, afectan nuestro planeta y necesitamos actuar para enfrentar esta crisis\" \/>\n<meta property=\"og:url\" content=\"https:\/\/diarionoticias.pe\/ecosistemas\/desertificacion-como-esta-vinculada-al-cambio-climatico-y-que-significa\/\" \/>\n<meta property=\"og:site_name\" content=\"Ecosistemas\" \/>\n<meta property=\"article:published_time\" content=\"2024-12-02T09:47:58+00:00\" \/>\n<meta property=\"og:image\" content=\"https:\/\/diarionoticias.pe\/ecosistemas\/wp-content\/uploads\/2024\/12\/Desertificacion-y-escasez-de-recursos-naturales-lo-que-debes-saber.webp\" \/>\n\t<meta property=\"og:image:width\" content=\"474\" \/>\n\t<meta property=\"og:image:height\" content=\"316\" \/>\n\t<meta property=\"og:image:type\" content=\"image\/jpeg\" \/>\n<meta name=\"author\" content=\"Ecolog\u00eda\" \/>\n<meta name=\"twitter:card\" content=\"summary_large_image\" \/>\n<meta name=\"twitter:title\" content=\"Desertificaci\u00f3n: C\u00f3mo est\u00e1 vinculada al cambio clim\u00e1tico y qu\u00e9 significa\" \/>\n<meta name=\"twitter:label1\" content=\"Escrito por\" \/>\n\t<meta name=\"twitter:data1\" content=\"Ecolog\u00eda\" \/>\n\t<meta name=\"twitter:label2\" content=\"Tiempo de lectura\" \/>\n\t<meta name=\"twitter:data2\" content=\"5 minutos\" \/>\n<script type=\"application\/ld+json\" class=\"yoast-schema-graph\">{\"@context\":\"https:\/\/schema.org\",\"@graph\":[{\"@type\":\"Article\",\"@id\":\"https:\/\/diarionoticias.pe\/ecosistemas\/desertificacion-como-esta-vinculada-al-cambio-climatico-y-que-significa\/#article\",\"isPartOf\":{\"@id\":\"https:\/\/diarionoticias.pe\/ecosistemas\/desertificacion-como-esta-vinculada-al-cambio-climatico-y-que-significa\/\"},\"author\":{\"name\":\"Ecolog\u00eda\",\"@id\":\"https:\/\/diarionoticias.pe\/ecosistemas\/#\/schema\/person\/2d391882189b4e2a06523bc4e0578c28\"},\"headline\":\"Desertificaci\u00f3n y cambio clim\u00e1tico: C\u00f3mo se relacionan\",\"datePublished\":\"2024-12-02T09:47:58+00:00\",\"mainEntityOfPage\":{\"@id\":\"https:\/\/diarionoticias.pe\/ecosistemas\/desertificacion-como-esta-vinculada-al-cambio-climatico-y-que-significa\/\"},\"wordCount\":1107,\"commentCount\":0,\"image\":{\"@id\":\"https:\/\/diarionoticias.pe\/ecosistemas\/desertificacion-como-esta-vinculada-al-cambio-climatico-y-que-significa\/#primaryimage\"},\"thumbnailUrl\":\"https:\/\/diarionoticias.pe\/ecosistemas\/wp-content\/uploads\/2024\/12\/Desertificacion-y-escasez-de-recursos-naturales-lo-que-debes-saber.webp\",\"articleSection\":[\"Medioambiente\"],\"inLanguage\":\"es\",\"potentialAction\":[{\"@type\":\"CommentAction\",\"name\":\"Comment\",\"target\":[\"https:\/\/diarionoticias.pe\/ecosistemas\/desertificacion-como-esta-vinculada-al-cambio-climatico-y-que-significa\/#respond\"]}]},{\"@type\":\"WebPage\",\"@id\":\"https:\/\/diarionoticias.pe\/ecosistemas\/desertificacion-como-esta-vinculada-al-cambio-climatico-y-que-significa\/\",\"url\":\"https:\/\/diarionoticias.pe\/ecosistemas\/desertificacion-como-esta-vinculada-al-cambio-climatico-y-que-significa\/\",\"name\":\"Desertificaci\u00f3n y cambio clim\u00e1tico: C\u00f3mo se relacionan\",\"isPartOf\":{\"@id\":\"https:\/\/diarionoticias.pe\/ecosistemas\/#website\"},\"primaryImageOfPage\":{\"@id\":\"https:\/\/diarionoticias.pe\/ecosistemas\/desertificacion-como-esta-vinculada-al-cambio-climatico-y-que-significa\/#primaryimage\"},\"image\":{\"@id\":\"https:\/\/diarionoticias.pe\/ecosistemas\/desertificacion-como-esta-vinculada-al-cambio-climatico-y-que-significa\/#primaryimage\"},\"thumbnailUrl\":\"https:\/\/diarionoticias.pe\/ecosistemas\/wp-content\/uploads\/2024\/12\/Desertificacion-y-escasez-de-recursos-naturales-lo-que-debes-saber.webp\",\"datePublished\":\"2024-12-02T09:47:58+00:00\",\"author\":{\"@id\":\"https:\/\/diarionoticias.pe\/ecosistemas\/#\/schema\/person\/2d391882189b4e2a06523bc4e0578c28\"},\"description\":\"La desertificaci\u00f3n y el cambio clim\u00e1tico est\u00e1n conectados, afectan nuestro planeta y necesitamos actuar para enfrentar esta crisis\",\"breadcrumb\":{\"@id\":\"https:\/\/diarionoticias.pe\/ecosistemas\/desertificacion-como-esta-vinculada-al-cambio-climatico-y-que-significa\/#breadcrumb\"},\"inLanguage\":\"es\",\"potentialAction\":[{\"@type\":\"ReadAction\",\"target\":[\"https:\/\/diarionoticias.pe\/ecosistemas\/desertificacion-como-esta-vinculada-al-cambio-climatico-y-que-significa\/\"]}]},{\"@type\":\"ImageObject\",\"inLanguage\":\"es\",\"@id\":\"https:\/\/diarionoticias.pe\/ecosistemas\/desertificacion-como-esta-vinculada-al-cambio-climatico-y-que-significa\/#primaryimage\",\"url\":\"https:\/\/diarionoticias.pe\/ecosistemas\/wp-content\/uploads\/2024\/12\/Desertificacion-y-escasez-de-recursos-naturales-lo-que-debes-saber.webp\",\"contentUrl\":\"https:\/\/diarionoticias.pe\/ecosistemas\/wp-content\/uploads\/2024\/12\/Desertificacion-y-escasez-de-recursos-naturales-lo-que-debes-saber.webp\",\"width\":474,\"height\":316,\"caption\":\"Desertificaci\u00f3n y cambio clim\u00e1tico: C\u00f3mo se relacionan\"},{\"@type\":\"BreadcrumbList\",\"@id\":\"https:\/\/diarionoticias.pe\/ecosistemas\/desertificacion-como-esta-vinculada-al-cambio-climatico-y-que-significa\/#breadcrumb\",\"itemListElement\":[{\"@type\":\"ListItem\",\"position\":1,\"name\":\"Home\",\"item\":\"https:\/\/diarionoticias.pe\/ecosistemas\/\"},{\"@type\":\"ListItem\",\"position\":2,\"name\":\"Desertificaci\u00f3n y cambio clim\u00e1tico: C\u00f3mo se relacionan\"}]},{\"@type\":\"WebSite\",\"@id\":\"https:\/\/diarionoticias.pe\/ecosistemas\/#website\",\"url\":\"https:\/\/diarionoticias.pe\/ecosistemas\/\",\"name\":\"Ecosistemas\",\"description\":\"Ecolog\u00eda\",\"potentialAction\":[{\"@type\":\"SearchAction\",\"target\":{\"@type\":\"EntryPoint\",\"urlTemplate\":\"https:\/\/diarionoticias.pe\/ecosistemas\/?s={search_term_string}\"},\"query-input\":{\"@type\":\"PropertyValueSpecification\",\"valueRequired\":true,\"valueName\":\"search_term_string\"}}],\"inLanguage\":\"es\"},{\"@type\":\"Person\",\"@id\":\"https:\/\/diarionoticias.pe\/ecosistemas\/#\/schema\/person\/2d391882189b4e2a06523bc4e0578c28\",\"name\":\"Ecolog\u00eda\",\"image\":{\"@type\":\"ImageObject\",\"inLanguage\":\"es\",\"@id\":\"https:\/\/diarionoticias.pe\/ecosistemas\/#\/schema\/person\/image\/\",\"url\":\"https:\/\/secure.gravatar.com\/avatar\/3a42da1b0772a8b2677cd1abba165189c264d6e46a6693b7fb24c387b4d346dc?s=96&d=mm&r=g\",\"contentUrl\":\"https:\/\/secure.gravatar.com\/avatar\/3a42da1b0772a8b2677cd1abba165189c264d6e46a6693b7fb24c387b4d346dc?s=96&d=mm&r=g\",\"caption\":\"Ecolog\u00eda\"},\"sameAs\":[\"https:\/\/diarionoticias.pe\/ecosistemas\"]}]}<\/script>\n<!-- \/ Yoast SEO Premium plugin. -->","yoast_head_json":{"title":"Desertificaci\u00f3n y cambio clim\u00e1tico: C\u00f3mo se relacionan","description":"La desertificaci\u00f3n y el cambio clim\u00e1tico est\u00e1n conectados, afectan nuestro planeta y necesitamos actuar para enfrentar esta crisis","robots":{"index":"index","follow":"follow","max-snippet":"max-snippet:-1","max-image-preview":"max-image-preview:large","max-video-preview":"max-video-preview:-1"},"canonical":"https:\/\/diarionoticias.pe\/ecosistemas\/desertificacion-como-esta-vinculada-al-cambio-climatico-y-que-significa\/","og_locale":"es_MX","og_type":"article","og_title":"Desertificaci\u00f3n y cambio clim\u00e1tico: C\u00f3mo se relacionan","og_description":"La desertificaci\u00f3n y el cambio clim\u00e1tico est\u00e1n conectados, afectan nuestro planeta y necesitamos actuar para enfrentar esta crisis","og_url":"https:\/\/diarionoticias.pe\/ecosistemas\/desertificacion-como-esta-vinculada-al-cambio-climatico-y-que-significa\/","og_site_name":"Ecosistemas","article_published_time":"2024-12-02T09:47:58+00:00","og_image":[{"width":474,"height":316,"url":"https:\/\/diarionoticias.pe\/ecosistemas\/wp-content\/uploads\/2024\/12\/Desertificacion-y-escasez-de-recursos-naturales-lo-que-debes-saber.webp","type":"image\/jpeg"}],"author":"Ecolog\u00eda","twitter_card":"summary_large_image","twitter_title":"Desertificaci\u00f3n: C\u00f3mo est\u00e1 vinculada al cambio clim\u00e1tico y qu\u00e9 significa","twitter_misc":{"Escrito por":"Ecolog\u00eda","Tiempo de lectura":"5 minutos"},"schema":{"@context":"https:\/\/schema.org","@graph":[{"@type":"Article","@id":"https:\/\/diarionoticias.pe\/ecosistemas\/desertificacion-como-esta-vinculada-al-cambio-climatico-y-que-significa\/#article","isPartOf":{"@id":"https:\/\/diarionoticias.pe\/ecosistemas\/desertificacion-como-esta-vinculada-al-cambio-climatico-y-que-significa\/"},"author":{"name":"Ecolog\u00eda","@id":"https:\/\/diarionoticias.pe\/ecosistemas\/#\/schema\/person\/2d391882189b4e2a06523bc4e0578c28"},"headline":"Desertificaci\u00f3n y cambio clim\u00e1tico: C\u00f3mo se relacionan","datePublished":"2024-12-02T09:47:58+00:00","mainEntityOfPage":{"@id":"https:\/\/diarionoticias.pe\/ecosistemas\/desertificacion-como-esta-vinculada-al-cambio-climatico-y-que-significa\/"},"wordCount":1107,"commentCount":0,"image":{"@id":"https:\/\/diarionoticias.pe\/ecosistemas\/desertificacion-como-esta-vinculada-al-cambio-climatico-y-que-significa\/#primaryimage"},"thumbnailUrl":"https:\/\/diarionoticias.pe\/ecosistemas\/wp-content\/uploads\/2024\/12\/Desertificacion-y-escasez-de-recursos-naturales-lo-que-debes-saber.webp","articleSection":["Medioambiente"],"inLanguage":"es","potentialAction":[{"@type":"CommentAction","name":"Comment","target":["https:\/\/diarionoticias.pe\/ecosistemas\/desertificacion-como-esta-vinculada-al-cambio-climatico-y-que-significa\/#respond"]}]},{"@type":"WebPage","@id":"https:\/\/diarionoticias.pe\/ecosistemas\/desertificacion-como-esta-vinculada-al-cambio-climatico-y-que-significa\/","url":"https:\/\/diarionoticias.pe\/ecosistemas\/desertificacion-como-esta-vinculada-al-cambio-climatico-y-que-significa\/","name":"Desertificaci\u00f3n y cambio clim\u00e1tico: C\u00f3mo se relacionan","isPartOf":{"@id":"https:\/\/diarionoticias.pe\/ecosistemas\/#website"},"primaryImageOfPage":{"@id":"https:\/\/diarionoticias.pe\/ecosistemas\/desertificacion-como-esta-vinculada-al-cambio-climatico-y-que-significa\/#primaryimage"},"image":{"@id":"https:\/\/diarionoticias.pe\/ecosistemas\/desertificacion-como-esta-vinculada-al-cambio-climatico-y-que-significa\/#primaryimage"},"thumbnailUrl":"https:\/\/diarionoticias.pe\/ecosistemas\/wp-content\/uploads\/2024\/12\/Desertificacion-y-escasez-de-recursos-naturales-lo-que-debes-saber.webp","datePublished":"2024-12-02T09:47:58+00:00","author":{"@id":"https:\/\/diarionoticias.pe\/ecosistemas\/#\/schema\/person\/2d391882189b4e2a06523bc4e0578c28"},"description":"La desertificaci\u00f3n y el cambio clim\u00e1tico est\u00e1n conectados, afectan nuestro planeta y necesitamos actuar para enfrentar esta crisis","breadcrumb":{"@id":"https:\/\/diarionoticias.pe\/ecosistemas\/desertificacion-como-esta-vinculada-al-cambio-climatico-y-que-significa\/#breadcrumb"},"inLanguage":"es","potentialAction":[{"@type":"ReadAction","target":["https:\/\/diarionoticias.pe\/ecosistemas\/desertificacion-como-esta-vinculada-al-cambio-climatico-y-que-significa\/"]}]},{"@type":"ImageObject","inLanguage":"es","@id":"https:\/\/diarionoticias.pe\/ecosistemas\/desertificacion-como-esta-vinculada-al-cambio-climatico-y-que-significa\/#primaryimage","url":"https:\/\/diarionoticias.pe\/ecosistemas\/wp-content\/uploads\/2024\/12\/Desertificacion-y-escasez-de-recursos-naturales-lo-que-debes-saber.webp","contentUrl":"https:\/\/diarionoticias.pe\/ecosistemas\/wp-content\/uploads\/2024\/12\/Desertificacion-y-escasez-de-recursos-naturales-lo-que-debes-saber.webp","width":474,"height":316,"caption":"Desertificaci\u00f3n y cambio clim\u00e1tico: C\u00f3mo se relacionan"},{"@type":"BreadcrumbList","@id":"https:\/\/diarionoticias.pe\/ecosistemas\/desertificacion-como-esta-vinculada-al-cambio-climatico-y-que-significa\/#breadcrumb","itemListElement":[{"@type":"ListItem","position":1,"name":"Home","item":"https:\/\/diarionoticias.pe\/ecosistemas\/"},{"@type":"ListItem","position":2,"name":"Desertificaci\u00f3n y cambio clim\u00e1tico: C\u00f3mo se relacionan"}]},{"@type":"WebSite","@id":"https:\/\/diarionoticias.pe\/ecosistemas\/#website","url":"https:\/\/diarionoticias.pe\/ecosistemas\/","name":"Ecosistemas","description":"Ecolog\u00eda","potentialAction":[{"@type":"SearchAction","target":{"@type":"EntryPoint","urlTemplate":"https:\/\/diarionoticias.pe\/ecosistemas\/?s={search_term_string}"},"query-input":{"@type":"PropertyValueSpecification","valueRequired":true,"valueName":"search_term_string"}}],"inLanguage":"es"},{"@type":"Person","@id":"https:\/\/diarionoticias.pe\/ecosistemas\/#\/schema\/person\/2d391882189b4e2a06523bc4e0578c28","name":"Ecolog\u00eda","image":{"@type":"ImageObject","inLanguage":"es","@id":"https:\/\/diarionoticias.pe\/ecosistemas\/#\/schema\/person\/image\/","url":"https:\/\/secure.gravatar.com\/avatar\/3a42da1b0772a8b2677cd1abba165189c264d6e46a6693b7fb24c387b4d346dc?s=96&d=mm&r=g","contentUrl":"https:\/\/secure.gravatar.com\/avatar\/3a42da1b0772a8b2677cd1abba165189c264d6e46a6693b7fb24c387b4d346dc?s=96&d=mm&r=g","caption":"Ecolog\u00eda"},"sameAs":["https:\/\/diarionoticias.pe\/ecosistemas"]}]}},"_links":{"self":[{"href":"https:\/\/diarionoticias.pe\/ecosistemas\/wp-json\/wp\/v2\/posts\/1752","targetHints":{"allow":["GET"]}}],"collection":[{"href":"https:\/\/diarionoticias.pe\/ecosistemas\/wp-json\/wp\/v2\/posts"}],"about":[{"href":"https:\/\/diarionoticias.pe\/ecosistemas\/wp-json\/wp\/v2\/types\/post"}],"author":[{"embeddable":true,"href":"https:\/\/diarionoticias.pe\/ecosistemas\/wp-json\/wp\/v2\/users\/1"}],"replies":[{"embeddable":true,"href":"https:\/\/diarionoticias.pe\/ecosistemas\/wp-json\/wp\/v2\/comments?post=1752"}],"version-history":[{"count":0,"href":"https:\/\/diarionoticias.pe\/ecosistemas\/wp-json\/wp\/v2\/posts\/1752\/revisions"}],"wp:featuredmedia":[{"embeddable":true,"href":"https:\/\/diarionoticias.pe\/ecosistemas\/wp-json\/wp\/v2\/media\/240"}],"wp:attachment":[{"href":"https:\/\/diarionoticias.pe\/ecosistemas\/wp-json\/wp\/v2\/media?parent=1752"}],"wp:term":[{"taxonomy":"category","embeddable":true,"href":"https:\/\/diarionoticias.pe\/ecosistemas\/wp-json\/wp\/v2\/categories?post=1752"},{"taxonomy":"post_tag","embeddable":true,"href":"https:\/\/diarionoticias.pe\/ecosistemas\/wp-json\/wp\/v2\/tags?post=1752"}],"curies":[{"name":"wp","href":"https:\/\/api.w.org\/{rel}","templated":true}]}}