{"id":1668,"date":"2024-12-09T19:18:10","date_gmt":"2024-12-10T01:18:10","guid":{"rendered":"https:\/\/diarionoticias.pe\/ecosistemas\/?p=1668"},"modified":"2024-12-09T19:18:10","modified_gmt":"2024-12-10T01:18:10","slug":"ecosistemas-vulnerables-a-la-desertificacion-cuales-son-los-mas-afectados","status":"publish","type":"post","link":"https:\/\/diarionoticias.pe\/ecosistemas\/ecosistemas-vulnerables-a-la-desertificacion-cuales-son-los-mas-afectados\/","title":{"rendered":"Desertificaci\u00f3n: Impacto en Ecosistemas Vulnerables"},"content":{"rendered":"<p>La <strong>desertificaci\u00f3n<\/strong> es un fen\u00f3meno alarmante que afecta a muchos de nuestros <strong>ecosistemas vulnerables<\/strong> en todo el mundo, causando estragos en tierras \u00e1ridas, semi\u00e1ridas y subh\u00famedas. Este proceso, en gran medida impulsado por la actividad humana y el cambio clim\u00e1tico, no solo representa una amenaza para nuestro entorno, sino que tambi\u00e9n pone en riesgo la vida y los medios de subsistencia de millones de personas. <\/p>\n<h2>Definici\u00f3n de Desertificaci\u00f3n<\/h2>\n<p>La <strong>desertificaci\u00f3n<\/strong> se refiere a la degradaci\u00f3n de tierras en \u00e1reas \u00e1ridas, semi\u00e1ridas y subh\u00famedas, resultando en la p\u00e9rdida de productividad del suelo. Este proceso se produce debido a una combinaci\u00f3n de factores naturales y humanos, incluyendo el cambio clim\u00e1tico, la deforestaci\u00f3n, una gesti\u00f3n inadecuada de los recursos y el uso excesivo de la tierra. En esencia, se trata de un deterioro progresivo que convierte tierras f\u00e9rtiles en desiertos, afectando tanto la biodiversidad como la calidad de vida de las poblaciones que dependen de estos ecosistemas.<\/p>\n<h2>Causas de la Desertificaci\u00f3n<\/h2>\n<p>Entender las causas de la <strong>desertificaci\u00f3n<\/strong> es crucial para tomar medidas efectivas de prevenci\u00f3n. Entre las causas m\u00e1s relevantes se encuentran:<\/p>\n<ul>\n<li><strong>Cambio clim\u00e1tico:<\/strong> Los cambios en los patrones clim\u00e1ticos aumentan la temperatura y modifican las precipitaciones, deteriorando los ecosistemas.<\/li>\n<li><strong>Pr\u00e1cticas agr\u00edcolas inapropiadas:<\/strong> La agricultura intensiva y el uso excesivo de productos qu\u00edmicos agotan los nutrientes del suelo.<\/li>\n<li><strong>Deforestaci\u00f3n:<\/strong> La tala masiva de \u00e1rboles para la agricultura o la urbanizaci\u00f3n reduce la cobertura vegetal, aumentando la erosi\u00f3n.<\/li>\n<li><strong>Poblaci\u00f3n creciente:<\/strong> La demanda de recursos naturales aumenta la presi\u00f3n sobre los ecosistemas vulnerables.<\/li>\n<\/ul>\n<h2>Ecosistemas Vulnerables<\/h2>\n<p>Los <strong>ecosistemas vulnerables<\/strong> se encuentran en diversas regiones del mundo, y su susceptibilidad a la <strong>desertificaci\u00f3n<\/strong> puede variar seg\u00fan su ubicaci\u00f3n y caracter\u00edsticas. A continuaci\u00f3n, se describen algunos de ellos.<\/p>\n<h3>Ecosistemas de Zonas \u00c1ridas y Semi\u00e1ridas<\/h3>\n<p>Las regiones \u00e1ridas y semi\u00e1ridas son las m\u00e1s afectadas por la <strong>desertificaci\u00f3n<\/strong>, ya que presentan condiciones clim\u00e1ticas extremas y una limitada disponibilidad de agua. La escasez de recursos h\u00eddricos hace que estos ecosistemas sean muy fr\u00e1giles, y cualquier alteraci\u00f3n puede generar consecuencias devastadoras para la biodiversidad local.<\/p>\n<h3>Consecuencias en Ecosistemas Costeros<\/h3>\n<p>Los <strong>ecosistemas costeros<\/strong> tambi\u00e9n son vulnerables, especialmente en \u00e1reas donde las actividades humanas han impulsado la erosi\u00f3n del suelo y la contaminaci\u00f3n del agua. La construcci\u00f3n costera, la agricultura intensiva y la pesca excesiva pueden agravar la <strong>desertificaci\u00f3n<\/strong>, afectando tanto la flora como la fauna marina.<\/p>\n<h3>Efectos en Ecosistemas de Monta\u00f1a<\/h3>\n<p>Las <strong>monta\u00f1as<\/strong>, que albergan una rica biodiversidad, tambi\u00e9n enfrentan el riesgo de desertificaci\u00f3n. El cambio clim\u00e1tico est\u00e1 provocando el derretimiento de los glaciares y alterando el ciclo del agua, lo que afecta negativamente a los ecosistemas monta\u00f1osos y a las comunidades que dependen de ellos.<\/p>\n<h2>P\u00e9rdida de Biodiversidad<\/h2>\n<p>Una de las consecuencias m\u00e1s graves de la <strong>desertificaci\u00f3n<\/strong> es la p\u00e9rdida de biodiversidad. A medida que los ecosistemas se degradan, muchas especies de flora y fauna se ven amenazadas, lo que puede llevar a su extinci\u00f3n. Esta p\u00e9rdida no solo representa un da\u00f1o irreparable para la naturaleza, sino que tambi\u00e9n impacta en la estabilidad de los ecosistemas, afectando los servicios vitales que proporcionan a las personas.<\/p>\n<h2>Erosi\u00f3n del Suelo y sus Consecuencias<\/h2>\n<p>La <strong>erosi\u00f3n del suelo<\/strong> es otra de las consecuencias directas de la <strong>desertificaci\u00f3n<\/strong>. Sin una cubierta vegetal adecuada, la tierra se vuelve m\u00e1s susceptible a ser llevada por el viento y la lluvia. Esto no solo reduce la calidad del suelo, sino que tambi\u00e9n implica una p\u00e9rdida significativa de nutrientes, lo cual es crucial para la agricultura. A largo plazo, esto puede llevar a una disminuci\u00f3n en la producci\u00f3n de alimentos y a mayores niveles de pobreza en las comunidades rurales.<\/p>\n<h2>Escasez de Agua y sus Repercusiones<\/h2>\n<p>La <strong>escasez de agua<\/strong> es una de las repercusiones m\u00e1s graves de la <strong>desertificaci\u00f3n<\/strong>. La reducci\u00f3n de la disponibilidad de agua dulce puede llevar a conflictos por recursos, y afecta la salud de las poblaciones y la calidad de vida en general. Las comunidades en zonas \u00e1ridas y semi\u00e1ridas son frecuentemente las m\u00e1s afectadas, lo que les impide desarrollar adecuadamente sus vidas y adecuar la producci\u00f3n alimentaria.<\/p>\n<h2>Medidas para Prevenir la Desertificaci\u00f3n<\/h2>\n<p>Afrontar la <strong>desertificaci\u00f3n<\/strong> requiere un enfoque multifac\u00e9tico que involucre a gobiernos, comunidades y organizaciones. Algunas de las medidas m\u00e1s efectivas incluyen:<\/p>\n<h3>Importancia de la Reforestaci\u00f3n<\/h3>\n<p>La <strong>reforestaci\u00f3n<\/strong> es una de las estrategias m\u00e1s efectivas para restaurar la salud del suelo y prevenir la <strong>desertificaci\u00f3n<\/strong>. Plantar \u00e1rboles ayuda a estabilizar el suelo, reduce la erosi\u00f3n y mejora la absorci\u00f3n de agua, lo cual es fundamental en \u00e1reas vulnerables.<\/p>\n<h3>Pr\u00e1cticas Agr\u00edcolas Sostenibles<\/h3>\n<p>Adoptar <strong>pr\u00e1cticas agr\u00edcolas sostenibles<\/strong> es esencial para minimizar el impacto de la agricultura en el medio ambiente. Esto incluye la rotaci\u00f3n de cultivos, el uso de cultivos de cobertura y la reducci\u00f3n de agroqu\u00edmicos, lo que promueve suelos m\u00e1s sanos y resilientes.<\/p>\n<h3>Gesti\u00f3n Adecuada del Agua<\/h3>\n<p>La <strong>gesti\u00f3n adecuada del agua<\/strong> implica el uso eficiente de este recurso, que es vital para todos los ecosistemas. Esto incluye la implementaci\u00f3n de tecnolog\u00edas de riego eficientes, la conservaci\u00f3n de humedales y la recolecci\u00f3n de agua de lluvia, as\u00ed como el desarrollo de infraestructuras que optimicen su uso.<\/p>\n<h2>Responsabilidad Colectiva en la Conservaci\u00f3n<\/h2>\n<p>La lucha contra la <strong>desertificaci\u00f3n<\/strong> es una responsabilidad compartida que requiere la participaci\u00f3n activa de todos. Desde los individuos hasta las organizaciones y gobiernos, cada uno de nosotros tiene un papel que desempe\u00f1ar en la conservaci\u00f3n de nuestros <strong>ecosistemas vulnerables<\/strong>. La educaci\u00f3n y la concienciaci\u00f3n son fundamentales para cambiar comportamientos y fomentar pr\u00e1cticas que restauren y protejan el medio ambiente.<\/p>\n<p>La <strong>desertificaci\u00f3n<\/strong> es un problema cr\u00edtico que amenaza el equilibrio de nuestros ecosistemas y, en \u00faltima instancia, nuestra vida en el planeta. Necesitamos actuar ahora, con compromiso y urgencia, para garantizar que las generaciones futuras hereden un planeta saludable y resiliente.<\/p>\n","protected":false},"excerpt":{"rendered":"<p>La desertificaci\u00f3n es un fen\u00f3meno alarmante que afecta a muchos de nuestros ecosistemas vulnerables en todo el mundo, causando estragos en tierras \u00e1ridas, semi\u00e1ridas y subh\u00famedas. Este proceso, en gran medida impulsado por la actividad humana y el cambio clim\u00e1tico, no solo representa una amenaza para nuestro entorno, sino que tambi\u00e9n pone en riesgo la&#8230;<\/p>\n","protected":false},"author":1,"featured_media":1669,"comment_status":"open","ping_status":"open","sticky":false,"template":"","format":"standard","meta":{"_kad_post_transparent":"","_kad_post_title":"","_kad_post_layout":"","_kad_post_sidebar_id":"","_kad_post_content_style":"","_kad_post_vertical_padding":"","_kad_post_feature":"","_kad_post_feature_position":"","_kad_post_header":false,"_kad_post_footer":false,"footnotes":""},"categories":[12],"tags":[],"class_list":["post-1668","post","type-post","status-publish","format-standard","has-post-thumbnail","hentry","category-medioambiente"],"yoast_head":"<!-- This site is optimized with the Yoast SEO Premium plugin v21.7 (Yoast SEO v26.8) - https:\/\/yoast.com\/product\/yoast-seo-premium-wordpress\/ -->\n<title>Desertificaci\u00f3n: Impacto en Ecosistemas Vulnerables<\/title>\n<meta name=\"description\" content=\"Descubre c\u00f3mo la desertificaci\u00f3n afecta ecosistemas vulnerables y cu\u00e1les son los m\u00e1s da\u00f1ados. \u00a1Inf\u00f3rmate ya!\" \/>\n<meta name=\"robots\" content=\"index, follow, max-snippet:-1, max-image-preview:large, max-video-preview:-1\" \/>\n<link rel=\"canonical\" href=\"https:\/\/diarionoticias.pe\/ecosistemas\/ecosistemas-vulnerables-a-la-desertificacion-cuales-son-los-mas-afectados\/\" \/>\n<meta property=\"og:locale\" content=\"es_MX\" \/>\n<meta property=\"og:type\" content=\"article\" \/>\n<meta property=\"og:title\" content=\"Desertificaci\u00f3n: Impacto en Ecosistemas Vulnerables\" \/>\n<meta property=\"og:description\" content=\"Descubre c\u00f3mo la desertificaci\u00f3n afecta ecosistemas vulnerables y cu\u00e1les son los m\u00e1s da\u00f1ados. \u00a1Inf\u00f3rmate ya!\" \/>\n<meta property=\"og:url\" content=\"https:\/\/diarionoticias.pe\/ecosistemas\/ecosistemas-vulnerables-a-la-desertificacion-cuales-son-los-mas-afectados\/\" \/>\n<meta property=\"og:site_name\" content=\"Ecosistemas\" \/>\n<meta property=\"article:published_time\" content=\"2024-12-10T01:18:10+00:00\" \/>\n<meta property=\"og:image\" content=\"https:\/\/diarionoticias.pe\/ecosistemas\/wp-content\/uploads\/2024\/12\/Desertificacion-Impacto-en-Ecosistemas-Vulnerables.webp\" \/>\n\t<meta property=\"og:image:width\" content=\"474\" \/>\n\t<meta property=\"og:image:height\" content=\"330\" \/>\n\t<meta property=\"og:image:type\" content=\"image\/jpeg\" \/>\n<meta name=\"author\" content=\"Ecolog\u00eda\" \/>\n<meta name=\"twitter:card\" content=\"summary_large_image\" \/>\n<meta name=\"twitter:title\" content=\"Ecosistemas vulnerables a la desertificaci\u00f3n: \u00bfCu\u00e1les son los m\u00e1s afectados?\" \/>\n<meta name=\"twitter:label1\" content=\"Escrito por\" \/>\n\t<meta name=\"twitter:data1\" content=\"Ecolog\u00eda\" \/>\n\t<meta name=\"twitter:label2\" content=\"Tiempo de lectura\" \/>\n\t<meta name=\"twitter:data2\" content=\"5 minutos\" \/>\n<script type=\"application\/ld+json\" class=\"yoast-schema-graph\">{\"@context\":\"https:\/\/schema.org\",\"@graph\":[{\"@type\":\"Article\",\"@id\":\"https:\/\/diarionoticias.pe\/ecosistemas\/ecosistemas-vulnerables-a-la-desertificacion-cuales-son-los-mas-afectados\/#article\",\"isPartOf\":{\"@id\":\"https:\/\/diarionoticias.pe\/ecosistemas\/ecosistemas-vulnerables-a-la-desertificacion-cuales-son-los-mas-afectados\/\"},\"author\":{\"name\":\"Ecolog\u00eda\",\"@id\":\"https:\/\/diarionoticias.pe\/ecosistemas\/#\/schema\/person\/2d391882189b4e2a06523bc4e0578c28\"},\"headline\":\"Desertificaci\u00f3n: Impacto en Ecosistemas Vulnerables\",\"datePublished\":\"2024-12-10T01:18:10+00:00\",\"mainEntityOfPage\":{\"@id\":\"https:\/\/diarionoticias.pe\/ecosistemas\/ecosistemas-vulnerables-a-la-desertificacion-cuales-son-los-mas-afectados\/\"},\"wordCount\":1057,\"commentCount\":0,\"image\":{\"@id\":\"https:\/\/diarionoticias.pe\/ecosistemas\/ecosistemas-vulnerables-a-la-desertificacion-cuales-son-los-mas-afectados\/#primaryimage\"},\"thumbnailUrl\":\"https:\/\/diarionoticias.pe\/ecosistemas\/wp-content\/uploads\/2024\/12\/Desertificacion-Impacto-en-Ecosistemas-Vulnerables.webp\",\"articleSection\":[\"Medioambiente\"],\"inLanguage\":\"es\",\"potentialAction\":[{\"@type\":\"CommentAction\",\"name\":\"Comment\",\"target\":[\"https:\/\/diarionoticias.pe\/ecosistemas\/ecosistemas-vulnerables-a-la-desertificacion-cuales-son-los-mas-afectados\/#respond\"]}]},{\"@type\":\"WebPage\",\"@id\":\"https:\/\/diarionoticias.pe\/ecosistemas\/ecosistemas-vulnerables-a-la-desertificacion-cuales-son-los-mas-afectados\/\",\"url\":\"https:\/\/diarionoticias.pe\/ecosistemas\/ecosistemas-vulnerables-a-la-desertificacion-cuales-son-los-mas-afectados\/\",\"name\":\"Desertificaci\u00f3n: Impacto en Ecosistemas Vulnerables\",\"isPartOf\":{\"@id\":\"https:\/\/diarionoticias.pe\/ecosistemas\/#website\"},\"primaryImageOfPage\":{\"@id\":\"https:\/\/diarionoticias.pe\/ecosistemas\/ecosistemas-vulnerables-a-la-desertificacion-cuales-son-los-mas-afectados\/#primaryimage\"},\"image\":{\"@id\":\"https:\/\/diarionoticias.pe\/ecosistemas\/ecosistemas-vulnerables-a-la-desertificacion-cuales-son-los-mas-afectados\/#primaryimage\"},\"thumbnailUrl\":\"https:\/\/diarionoticias.pe\/ecosistemas\/wp-content\/uploads\/2024\/12\/Desertificacion-Impacto-en-Ecosistemas-Vulnerables.webp\",\"datePublished\":\"2024-12-10T01:18:10+00:00\",\"author\":{\"@id\":\"https:\/\/diarionoticias.pe\/ecosistemas\/#\/schema\/person\/2d391882189b4e2a06523bc4e0578c28\"},\"description\":\"Descubre c\u00f3mo la desertificaci\u00f3n afecta ecosistemas vulnerables y cu\u00e1les son los m\u00e1s da\u00f1ados. \u00a1Inf\u00f3rmate ya!\",\"breadcrumb\":{\"@id\":\"https:\/\/diarionoticias.pe\/ecosistemas\/ecosistemas-vulnerables-a-la-desertificacion-cuales-son-los-mas-afectados\/#breadcrumb\"},\"inLanguage\":\"es\",\"potentialAction\":[{\"@type\":\"ReadAction\",\"target\":[\"https:\/\/diarionoticias.pe\/ecosistemas\/ecosistemas-vulnerables-a-la-desertificacion-cuales-son-los-mas-afectados\/\"]}]},{\"@type\":\"ImageObject\",\"inLanguage\":\"es\",\"@id\":\"https:\/\/diarionoticias.pe\/ecosistemas\/ecosistemas-vulnerables-a-la-desertificacion-cuales-son-los-mas-afectados\/#primaryimage\",\"url\":\"https:\/\/diarionoticias.pe\/ecosistemas\/wp-content\/uploads\/2024\/12\/Desertificacion-Impacto-en-Ecosistemas-Vulnerables.webp\",\"contentUrl\":\"https:\/\/diarionoticias.pe\/ecosistemas\/wp-content\/uploads\/2024\/12\/Desertificacion-Impacto-en-Ecosistemas-Vulnerables.webp\",\"width\":474,\"height\":330,\"caption\":\"Desertificaci\u00f3n: Impacto en Ecosistemas Vulnerables\"},{\"@type\":\"BreadcrumbList\",\"@id\":\"https:\/\/diarionoticias.pe\/ecosistemas\/ecosistemas-vulnerables-a-la-desertificacion-cuales-son-los-mas-afectados\/#breadcrumb\",\"itemListElement\":[{\"@type\":\"ListItem\",\"position\":1,\"name\":\"Home\",\"item\":\"https:\/\/diarionoticias.pe\/ecosistemas\/\"},{\"@type\":\"ListItem\",\"position\":2,\"name\":\"Desertificaci\u00f3n: Impacto en Ecosistemas Vulnerables\"}]},{\"@type\":\"WebSite\",\"@id\":\"https:\/\/diarionoticias.pe\/ecosistemas\/#website\",\"url\":\"https:\/\/diarionoticias.pe\/ecosistemas\/\",\"name\":\"Ecosistemas\",\"description\":\"Ecolog\u00eda\",\"potentialAction\":[{\"@type\":\"SearchAction\",\"target\":{\"@type\":\"EntryPoint\",\"urlTemplate\":\"https:\/\/diarionoticias.pe\/ecosistemas\/?s={search_term_string}\"},\"query-input\":{\"@type\":\"PropertyValueSpecification\",\"valueRequired\":true,\"valueName\":\"search_term_string\"}}],\"inLanguage\":\"es\"},{\"@type\":\"Person\",\"@id\":\"https:\/\/diarionoticias.pe\/ecosistemas\/#\/schema\/person\/2d391882189b4e2a06523bc4e0578c28\",\"name\":\"Ecolog\u00eda\",\"image\":{\"@type\":\"ImageObject\",\"inLanguage\":\"es\",\"@id\":\"https:\/\/diarionoticias.pe\/ecosistemas\/#\/schema\/person\/image\/\",\"url\":\"https:\/\/secure.gravatar.com\/avatar\/3a42da1b0772a8b2677cd1abba165189c264d6e46a6693b7fb24c387b4d346dc?s=96&d=mm&r=g\",\"contentUrl\":\"https:\/\/secure.gravatar.com\/avatar\/3a42da1b0772a8b2677cd1abba165189c264d6e46a6693b7fb24c387b4d346dc?s=96&d=mm&r=g\",\"caption\":\"Ecolog\u00eda\"},\"sameAs\":[\"https:\/\/diarionoticias.pe\/ecosistemas\"]}]}<\/script>\n<!-- \/ Yoast SEO Premium plugin. -->","yoast_head_json":{"title":"Desertificaci\u00f3n: Impacto en Ecosistemas Vulnerables","description":"Descubre c\u00f3mo la desertificaci\u00f3n afecta ecosistemas vulnerables y cu\u00e1les son los m\u00e1s da\u00f1ados. \u00a1Inf\u00f3rmate ya!","robots":{"index":"index","follow":"follow","max-snippet":"max-snippet:-1","max-image-preview":"max-image-preview:large","max-video-preview":"max-video-preview:-1"},"canonical":"https:\/\/diarionoticias.pe\/ecosistemas\/ecosistemas-vulnerables-a-la-desertificacion-cuales-son-los-mas-afectados\/","og_locale":"es_MX","og_type":"article","og_title":"Desertificaci\u00f3n: Impacto en Ecosistemas Vulnerables","og_description":"Descubre c\u00f3mo la desertificaci\u00f3n afecta ecosistemas vulnerables y cu\u00e1les son los m\u00e1s da\u00f1ados. \u00a1Inf\u00f3rmate ya!","og_url":"https:\/\/diarionoticias.pe\/ecosistemas\/ecosistemas-vulnerables-a-la-desertificacion-cuales-son-los-mas-afectados\/","og_site_name":"Ecosistemas","article_published_time":"2024-12-10T01:18:10+00:00","og_image":[{"width":474,"height":330,"url":"https:\/\/diarionoticias.pe\/ecosistemas\/wp-content\/uploads\/2024\/12\/Desertificacion-Impacto-en-Ecosistemas-Vulnerables.webp","type":"image\/jpeg"}],"author":"Ecolog\u00eda","twitter_card":"summary_large_image","twitter_title":"Ecosistemas vulnerables a la desertificaci\u00f3n: \u00bfCu\u00e1les son los m\u00e1s afectados?","twitter_misc":{"Escrito por":"Ecolog\u00eda","Tiempo de lectura":"5 minutos"},"schema":{"@context":"https:\/\/schema.org","@graph":[{"@type":"Article","@id":"https:\/\/diarionoticias.pe\/ecosistemas\/ecosistemas-vulnerables-a-la-desertificacion-cuales-son-los-mas-afectados\/#article","isPartOf":{"@id":"https:\/\/diarionoticias.pe\/ecosistemas\/ecosistemas-vulnerables-a-la-desertificacion-cuales-son-los-mas-afectados\/"},"author":{"name":"Ecolog\u00eda","@id":"https:\/\/diarionoticias.pe\/ecosistemas\/#\/schema\/person\/2d391882189b4e2a06523bc4e0578c28"},"headline":"Desertificaci\u00f3n: Impacto en Ecosistemas Vulnerables","datePublished":"2024-12-10T01:18:10+00:00","mainEntityOfPage":{"@id":"https:\/\/diarionoticias.pe\/ecosistemas\/ecosistemas-vulnerables-a-la-desertificacion-cuales-son-los-mas-afectados\/"},"wordCount":1057,"commentCount":0,"image":{"@id":"https:\/\/diarionoticias.pe\/ecosistemas\/ecosistemas-vulnerables-a-la-desertificacion-cuales-son-los-mas-afectados\/#primaryimage"},"thumbnailUrl":"https:\/\/diarionoticias.pe\/ecosistemas\/wp-content\/uploads\/2024\/12\/Desertificacion-Impacto-en-Ecosistemas-Vulnerables.webp","articleSection":["Medioambiente"],"inLanguage":"es","potentialAction":[{"@type":"CommentAction","name":"Comment","target":["https:\/\/diarionoticias.pe\/ecosistemas\/ecosistemas-vulnerables-a-la-desertificacion-cuales-son-los-mas-afectados\/#respond"]}]},{"@type":"WebPage","@id":"https:\/\/diarionoticias.pe\/ecosistemas\/ecosistemas-vulnerables-a-la-desertificacion-cuales-son-los-mas-afectados\/","url":"https:\/\/diarionoticias.pe\/ecosistemas\/ecosistemas-vulnerables-a-la-desertificacion-cuales-son-los-mas-afectados\/","name":"Desertificaci\u00f3n: Impacto en Ecosistemas Vulnerables","isPartOf":{"@id":"https:\/\/diarionoticias.pe\/ecosistemas\/#website"},"primaryImageOfPage":{"@id":"https:\/\/diarionoticias.pe\/ecosistemas\/ecosistemas-vulnerables-a-la-desertificacion-cuales-son-los-mas-afectados\/#primaryimage"},"image":{"@id":"https:\/\/diarionoticias.pe\/ecosistemas\/ecosistemas-vulnerables-a-la-desertificacion-cuales-son-los-mas-afectados\/#primaryimage"},"thumbnailUrl":"https:\/\/diarionoticias.pe\/ecosistemas\/wp-content\/uploads\/2024\/12\/Desertificacion-Impacto-en-Ecosistemas-Vulnerables.webp","datePublished":"2024-12-10T01:18:10+00:00","author":{"@id":"https:\/\/diarionoticias.pe\/ecosistemas\/#\/schema\/person\/2d391882189b4e2a06523bc4e0578c28"},"description":"Descubre c\u00f3mo la desertificaci\u00f3n afecta ecosistemas vulnerables y cu\u00e1les son los m\u00e1s da\u00f1ados. \u00a1Inf\u00f3rmate ya!","breadcrumb":{"@id":"https:\/\/diarionoticias.pe\/ecosistemas\/ecosistemas-vulnerables-a-la-desertificacion-cuales-son-los-mas-afectados\/#breadcrumb"},"inLanguage":"es","potentialAction":[{"@type":"ReadAction","target":["https:\/\/diarionoticias.pe\/ecosistemas\/ecosistemas-vulnerables-a-la-desertificacion-cuales-son-los-mas-afectados\/"]}]},{"@type":"ImageObject","inLanguage":"es","@id":"https:\/\/diarionoticias.pe\/ecosistemas\/ecosistemas-vulnerables-a-la-desertificacion-cuales-son-los-mas-afectados\/#primaryimage","url":"https:\/\/diarionoticias.pe\/ecosistemas\/wp-content\/uploads\/2024\/12\/Desertificacion-Impacto-en-Ecosistemas-Vulnerables.webp","contentUrl":"https:\/\/diarionoticias.pe\/ecosistemas\/wp-content\/uploads\/2024\/12\/Desertificacion-Impacto-en-Ecosistemas-Vulnerables.webp","width":474,"height":330,"caption":"Desertificaci\u00f3n: Impacto en Ecosistemas Vulnerables"},{"@type":"BreadcrumbList","@id":"https:\/\/diarionoticias.pe\/ecosistemas\/ecosistemas-vulnerables-a-la-desertificacion-cuales-son-los-mas-afectados\/#breadcrumb","itemListElement":[{"@type":"ListItem","position":1,"name":"Home","item":"https:\/\/diarionoticias.pe\/ecosistemas\/"},{"@type":"ListItem","position":2,"name":"Desertificaci\u00f3n: Impacto en Ecosistemas Vulnerables"}]},{"@type":"WebSite","@id":"https:\/\/diarionoticias.pe\/ecosistemas\/#website","url":"https:\/\/diarionoticias.pe\/ecosistemas\/","name":"Ecosistemas","description":"Ecolog\u00eda","potentialAction":[{"@type":"SearchAction","target":{"@type":"EntryPoint","urlTemplate":"https:\/\/diarionoticias.pe\/ecosistemas\/?s={search_term_string}"},"query-input":{"@type":"PropertyValueSpecification","valueRequired":true,"valueName":"search_term_string"}}],"inLanguage":"es"},{"@type":"Person","@id":"https:\/\/diarionoticias.pe\/ecosistemas\/#\/schema\/person\/2d391882189b4e2a06523bc4e0578c28","name":"Ecolog\u00eda","image":{"@type":"ImageObject","inLanguage":"es","@id":"https:\/\/diarionoticias.pe\/ecosistemas\/#\/schema\/person\/image\/","url":"https:\/\/secure.gravatar.com\/avatar\/3a42da1b0772a8b2677cd1abba165189c264d6e46a6693b7fb24c387b4d346dc?s=96&d=mm&r=g","contentUrl":"https:\/\/secure.gravatar.com\/avatar\/3a42da1b0772a8b2677cd1abba165189c264d6e46a6693b7fb24c387b4d346dc?s=96&d=mm&r=g","caption":"Ecolog\u00eda"},"sameAs":["https:\/\/diarionoticias.pe\/ecosistemas"]}]}},"_links":{"self":[{"href":"https:\/\/diarionoticias.pe\/ecosistemas\/wp-json\/wp\/v2\/posts\/1668","targetHints":{"allow":["GET"]}}],"collection":[{"href":"https:\/\/diarionoticias.pe\/ecosistemas\/wp-json\/wp\/v2\/posts"}],"about":[{"href":"https:\/\/diarionoticias.pe\/ecosistemas\/wp-json\/wp\/v2\/types\/post"}],"author":[{"embeddable":true,"href":"https:\/\/diarionoticias.pe\/ecosistemas\/wp-json\/wp\/v2\/users\/1"}],"replies":[{"embeddable":true,"href":"https:\/\/diarionoticias.pe\/ecosistemas\/wp-json\/wp\/v2\/comments?post=1668"}],"version-history":[{"count":1,"href":"https:\/\/diarionoticias.pe\/ecosistemas\/wp-json\/wp\/v2\/posts\/1668\/revisions"}],"predecessor-version":[{"id":2119,"href":"https:\/\/diarionoticias.pe\/ecosistemas\/wp-json\/wp\/v2\/posts\/1668\/revisions\/2119"}],"wp:featuredmedia":[{"embeddable":true,"href":"https:\/\/diarionoticias.pe\/ecosistemas\/wp-json\/wp\/v2\/media\/1669"}],"wp:attachment":[{"href":"https:\/\/diarionoticias.pe\/ecosistemas\/wp-json\/wp\/v2\/media?parent=1668"}],"wp:term":[{"taxonomy":"category","embeddable":true,"href":"https:\/\/diarionoticias.pe\/ecosistemas\/wp-json\/wp\/v2\/categories?post=1668"},{"taxonomy":"post_tag","embeddable":true,"href":"https:\/\/diarionoticias.pe\/ecosistemas\/wp-json\/wp\/v2\/tags?post=1668"}],"curies":[{"name":"wp","href":"https:\/\/api.w.org\/{rel}","templated":true}]}}